{"id":3480,"date":"2021-05-24T19:13:02","date_gmt":"2021-05-24T17:13:02","guid":{"rendered":"http:\/\/lesghuidussenvadrouille.fr\/?p=3480"},"modified":"2022-02-20T13:35:56","modified_gmt":"2022-02-20T12:35:56","slug":"albanie-macedoine-du-nord-et-bulgarie","status":"publish","type":"post","link":"https:\/\/lesghuidussenvadrouille.fr\/index.php\/2021\/05\/24\/albanie-macedoine-du-nord-et-bulgarie\/","title":{"rendered":"Albanie, Mac\u00e9doine du nord et Bulgarie"},"content":{"rendered":"<h2><img loading=\"lazy\" decoding=\"async\" class=\"aligncenter wp-image-4059\" src=\"https:\/\/lesghuidussenvadrouille.fr\/wp-content\/uploads\/2021\/05\/cate-amb-300x212.jpg\" alt=\"\" width=\"350\" height=\"248\" srcset=\"https:\/\/lesghuidussenvadrouille.fr\/wp-content\/uploads\/2021\/05\/cate-amb-300x212.jpg 300w, https:\/\/lesghuidussenvadrouille.fr\/wp-content\/uploads\/2021\/05\/cate-amb-1024x724.jpg 1024w, https:\/\/lesghuidussenvadrouille.fr\/wp-content\/uploads\/2021\/05\/cate-amb-768x543.jpg 768w, https:\/\/lesghuidussenvadrouille.fr\/wp-content\/uploads\/2021\/05\/cate-amb.jpg 1063w\" sizes=\"auto, (max-width: 350px) 100vw, 350px\" \/><\/h2>\n<h2 style=\"text-align: center;\"><strong><span style=\"color: #000000;\">Albanie:<\/span><\/strong><\/h2>\n<p><span style=\"color: #000000;\">Le passage de la fronti\u00e8re n&rsquo;a pas \u00e9t\u00e9 si simple: C\u00f4t\u00e9 Grecs, papiers scann\u00e9s, recherche dans leur base je ne sais quoi. Et au bout de 20 minutes, ils nous laissent passer.<\/span><\/p>\n<p><!--more--><\/p>\n<p><span style=\"color: #000000;\">C\u00f4t\u00e9 Albanais, alors l\u00e0; la douani\u00e8re ne comprend pas pourquoi on vient en Albanie, demande si c&rsquo;est la premi\u00e8re fois. Je lui r\u00e9ponds non, car d&rsquo;un c&rsquo;est vrai et secundo on sait pas, peut \u00eatre que l&rsquo;Albanie garde des traces. On l&rsquo;a joue honn\u00eate ! Elle va chercher un autre douanier, ils se mettent \u00e0 deux pour regarder nos cartes d&rsquo;identit\u00e9, nos papiers v\u00e9hicules. Une fouille sommaire du camion. Combien de temps vous restez&#8230;PFFF 10 jours (au pif)&#8230;<\/span><\/p>\n<p><span style=\"color: #000000;\">On demande \u00e0 Seb de d\u00e9placer le camion, et l\u00e0 boum, il rentre dans le mur. Le chauffeur d&rsquo;en face croit que c&rsquo;est sa faute. Lui donne une ampoule de la veilleuse c\u00f4t\u00e9, que C\u00e9c\u00e9 \u00e0 casser. Confusion g\u00e9n\u00e9rale. Il a tap\u00e9 le parechoc.<\/span><\/p>\n<p><img loading=\"lazy\" decoding=\"async\" class=\"alignnone size-medium wp-image-3484\" src=\"https:\/\/lesghuidussenvadrouille.fr\/wp-content\/uploads\/2021\/05\/20210518_192055-300x293.jpg\" alt=\"\" width=\"300\" height=\"293\" srcset=\"https:\/\/lesghuidussenvadrouille.fr\/wp-content\/uploads\/2021\/05\/20210518_192055-300x293.jpg 300w, https:\/\/lesghuidussenvadrouille.fr\/wp-content\/uploads\/2021\/05\/20210518_192055-1024x999.jpg 1024w, https:\/\/lesghuidussenvadrouille.fr\/wp-content\/uploads\/2021\/05\/20210518_192055-768x750.jpg 768w, https:\/\/lesghuidussenvadrouille.fr\/wp-content\/uploads\/2021\/05\/20210518_192055-1536x1499.jpg 1536w, https:\/\/lesghuidussenvadrouille.fr\/wp-content\/uploads\/2021\/05\/20210518_192055-2048x1999.jpg 2048w\" sizes=\"auto, (max-width: 300px) 100vw, 300px\" \/><\/p>\n<p><span style=\"color: #000000;\">Ca y est 45 minutes plus tard on nous tend les papiers et on part. Etant donn\u00e9 que nous \u00e9tions dans une fronti\u00e8re ouverte qu&rsquo;aux transporteurs ou frontaliers, nous pensons qu&rsquo;ils ne savaient pas quoi faire de nous.<\/span><\/p>\n<p><span style=\"color: #000000;\">Il est tard, nous sommes crev\u00e9s, on se pose juste apr\u00e8s la fronti\u00e8re.<\/span><\/p>\n<h3><strong><span style=\"color: #000000;\">Pogradec :<\/span><\/strong><\/h3>\n<p><span style=\"color: #000000;\">Nous savons que nous resterons que quelques heures en Albanie car nous gardons ce pays pour notre retour. Nous sentons toujours cette chaleur humaine.<\/span><\/p>\n<p><span style=\"color: #000000;\">Nous voyons cette simplicit\u00e9 sur la route. Il est 9h et les Albanais partent \u00e0 peine au travail.<\/span><\/p>\n\n\t\t<style type=\"text\/css\">\n\t\t\t#gallery-1 {\n\t\t\t\tmargin: auto;\n\t\t\t}\n\t\t\t#gallery-1 .gallery-item {\n\t\t\t\tfloat: left;\n\t\t\t\tmargin-top: 10px;\n\t\t\t\ttext-align: center;\n\t\t\t\twidth: 33%;\n\t\t\t}\n\t\t\t#gallery-1 img {\n\t\t\t\tborder: 2px solid #cfcfcf;\n\t\t\t}\n\t\t\t#gallery-1 .gallery-caption {\n\t\t\t\tmargin-left: 0;\n\t\t\t}\n\t\t\t\/* see gallery_shortcode() in wp-includes\/media.php *\/\n\t\t<\/style>\n\t\t<div id='gallery-1' class='gallery galleryid-3480 gallery-columns-3 gallery-size-medium'><dl class='gallery-item'>\n\t\t\t<dt class='gallery-icon portrait'>\n\t\t\t\t<a href='https:\/\/lesghuidussenvadrouille.fr\/index.php\/2021\/05\/24\/albanie-macedoine-du-nord-et-bulgarie\/20210519_090932\/'><img loading=\"lazy\" decoding=\"async\" width=\"263\" height=\"300\" src=\"https:\/\/lesghuidussenvadrouille.fr\/wp-content\/uploads\/2021\/05\/20210519_090932-263x300.jpg\" class=\"attachment-medium size-medium\" alt=\"\" srcset=\"https:\/\/lesghuidussenvadrouille.fr\/wp-content\/uploads\/2021\/05\/20210519_090932-263x300.jpg 263w, https:\/\/lesghuidussenvadrouille.fr\/wp-content\/uploads\/2021\/05\/20210519_090932-897x1024.jpg 897w, https:\/\/lesghuidussenvadrouille.fr\/wp-content\/uploads\/2021\/05\/20210519_090932-768x877.jpg 768w, https:\/\/lesghuidussenvadrouille.fr\/wp-content\/uploads\/2021\/05\/20210519_090932-1346x1536.jpg 1346w, https:\/\/lesghuidussenvadrouille.fr\/wp-content\/uploads\/2021\/05\/20210519_090932-1794x2048.jpg 1794w\" sizes=\"auto, (max-width: 263px) 100vw, 263px\" \/><\/a>\n\t\t\t<\/dt><\/dl><dl class='gallery-item'>\n\t\t\t<dt class='gallery-icon landscape'>\n\t\t\t\t<a href='https:\/\/lesghuidussenvadrouille.fr\/index.php\/2021\/05\/24\/albanie-macedoine-du-nord-et-bulgarie\/20210519_093007\/'><img loading=\"lazy\" decoding=\"async\" width=\"300\" height=\"297\" src=\"https:\/\/lesghuidussenvadrouille.fr\/wp-content\/uploads\/2021\/05\/20210519_093007-300x297.jpg\" class=\"attachment-medium size-medium\" alt=\"\" srcset=\"https:\/\/lesghuidussenvadrouille.fr\/wp-content\/uploads\/2021\/05\/20210519_093007-300x297.jpg 300w, https:\/\/lesghuidussenvadrouille.fr\/wp-content\/uploads\/2021\/05\/20210519_093007-1024x1015.jpg 1024w, https:\/\/lesghuidussenvadrouille.fr\/wp-content\/uploads\/2021\/05\/20210519_093007-150x150.jpg 150w, https:\/\/lesghuidussenvadrouille.fr\/wp-content\/uploads\/2021\/05\/20210519_093007-768x762.jpg 768w, https:\/\/lesghuidussenvadrouille.fr\/wp-content\/uploads\/2021\/05\/20210519_093007-1536x1523.jpg 1536w, https:\/\/lesghuidussenvadrouille.fr\/wp-content\/uploads\/2021\/05\/20210519_093007-2048x2031.jpg 2048w\" sizes=\"auto, (max-width: 300px) 100vw, 300px\" \/><\/a>\n\t\t\t<\/dt><\/dl>\n\t\t\t<br style='clear: both' \/>\n\t\t<\/div>\n\n<p><span style=\"color: #000000;\">Pogradec est une station baln\u00e9aire, ils sont tous affair\u00e9s pour finir les derniers pr\u00e9paratifs de l&rsquo;ouverture estivale. Ce lac qui s\u00e9pare Albanie\/ Mac\u00e9doine est d&rsquo;un bleu, et il est si grand.<\/span><\/p>\n<p><img loading=\"lazy\" decoding=\"async\" class=\"wp-image-3487 size-medium\" src=\"https:\/\/lesghuidussenvadrouille.fr\/wp-content\/uploads\/2021\/05\/20210519_124635-225x300.jpg\" alt=\"\" width=\"225\" height=\"300\" srcset=\"https:\/\/lesghuidussenvadrouille.fr\/wp-content\/uploads\/2021\/05\/20210519_124635-225x300.jpg 225w, https:\/\/lesghuidussenvadrouille.fr\/wp-content\/uploads\/2021\/05\/20210519_124635-768x1024.jpg 768w, https:\/\/lesghuidussenvadrouille.fr\/wp-content\/uploads\/2021\/05\/20210519_124635-1152x1536.jpg 1152w, https:\/\/lesghuidussenvadrouille.fr\/wp-content\/uploads\/2021\/05\/20210519_124635-1536x2048.jpg 1536w, https:\/\/lesghuidussenvadrouille.fr\/wp-content\/uploads\/2021\/05\/20210519_124635-scaled.jpg 1920w\" sizes=\"auto, (max-width: 225px) 100vw, 225px\" \/><\/p>\n<p><span style=\"color: #000000;\">Nina observe la Mac\u00e9doine du Nord.<\/span><\/p>\n<p><span style=\"color: #000000;\">On part se balader le long de la promenade, On y trouve de tout: bars, restaurants, tobogans aquatiques et des trucs rigolos:<\/span><\/p>\n\n\t\t<style type=\"text\/css\">\n\t\t\t#gallery-2 {\n\t\t\t\tmargin: auto;\n\t\t\t}\n\t\t\t#gallery-2 .gallery-item {\n\t\t\t\tfloat: left;\n\t\t\t\tmargin-top: 10px;\n\t\t\t\ttext-align: center;\n\t\t\t\twidth: 33%;\n\t\t\t}\n\t\t\t#gallery-2 img {\n\t\t\t\tborder: 2px solid #cfcfcf;\n\t\t\t}\n\t\t\t#gallery-2 .gallery-caption {\n\t\t\t\tmargin-left: 0;\n\t\t\t}\n\t\t\t\/* see gallery_shortcode() in wp-includes\/media.php *\/\n\t\t<\/style>\n\t\t<div id='gallery-2' class='gallery galleryid-3480 gallery-columns-3 gallery-size-medium'><dl class='gallery-item'>\n\t\t\t<dt class='gallery-icon portrait'>\n\t\t\t\t<a href='https:\/\/lesghuidussenvadrouille.fr\/index.php\/2021\/05\/24\/albanie-macedoine-du-nord-et-bulgarie\/20210519_104048\/'><img loading=\"lazy\" decoding=\"async\" width=\"225\" height=\"300\" src=\"https:\/\/lesghuidussenvadrouille.fr\/wp-content\/uploads\/2021\/05\/20210519_104048-225x300.jpg\" class=\"attachment-medium size-medium\" alt=\"\" aria-describedby=\"gallery-2-3488\" srcset=\"https:\/\/lesghuidussenvadrouille.fr\/wp-content\/uploads\/2021\/05\/20210519_104048-225x300.jpg 225w, https:\/\/lesghuidussenvadrouille.fr\/wp-content\/uploads\/2021\/05\/20210519_104048-768x1024.jpg 768w, https:\/\/lesghuidussenvadrouille.fr\/wp-content\/uploads\/2021\/05\/20210519_104048-1152x1536.jpg 1152w, https:\/\/lesghuidussenvadrouille.fr\/wp-content\/uploads\/2021\/05\/20210519_104048-1536x2048.jpg 1536w, https:\/\/lesghuidussenvadrouille.fr\/wp-content\/uploads\/2021\/05\/20210519_104048-scaled.jpg 1920w\" sizes=\"auto, (max-width: 225px) 100vw, 225px\" \/><\/a>\n\t\t\t<\/dt>\n\t\t\t\t<dd class='wp-caption-text gallery-caption' id='gallery-2-3488'>\n\t\t\t\tNina se prend pour une pierre\n\t\t\t\t<\/dd><\/dl><dl class='gallery-item'>\n\t\t\t<dt class='gallery-icon portrait'>\n\t\t\t\t<a href='https:\/\/lesghuidussenvadrouille.fr\/index.php\/2021\/05\/24\/albanie-macedoine-du-nord-et-bulgarie\/20210519_124612\/'><img loading=\"lazy\" decoding=\"async\" width=\"225\" height=\"300\" src=\"https:\/\/lesghuidussenvadrouille.fr\/wp-content\/uploads\/2021\/05\/20210519_124612-225x300.jpg\" class=\"attachment-medium size-medium\" alt=\"\" aria-describedby=\"gallery-2-3489\" srcset=\"https:\/\/lesghuidussenvadrouille.fr\/wp-content\/uploads\/2021\/05\/20210519_124612-225x300.jpg 225w, https:\/\/lesghuidussenvadrouille.fr\/wp-content\/uploads\/2021\/05\/20210519_124612-768x1024.jpg 768w, https:\/\/lesghuidussenvadrouille.fr\/wp-content\/uploads\/2021\/05\/20210519_124612-1152x1536.jpg 1152w, https:\/\/lesghuidussenvadrouille.fr\/wp-content\/uploads\/2021\/05\/20210519_124612-1536x2048.jpg 1536w, https:\/\/lesghuidussenvadrouille.fr\/wp-content\/uploads\/2021\/05\/20210519_124612-scaled.jpg 1920w\" sizes=\"auto, (max-width: 225px) 100vw, 225px\" \/><\/a>\n\t\t\t<\/dt>\n\t\t\t\t<dd class='wp-caption-text gallery-caption' id='gallery-2-3489'>\n\t\t\t\tNina discute avec Bob\n\t\t\t\t<\/dd><\/dl>\n\t\t\t<br style='clear: both' \/>\n\t\t<\/div>\n\n<p><span style=\"color: #000000;\">Apr\u00e8s une discussion amusante avec deux mamies, nous reprenons la route qui longe ce lac vers la Mac\u00e9doine.<\/span><\/p>\n<p><span style=\"color: #000000;\">Ca nous surprend toujours de voir ses bunkers omnipr\u00e9sents en Albanie, dans les champs , les jardins, en ville. certains ont \u00e9t\u00e9 enjoliv\u00e9. Quand on pense qu&rsquo;ils n&rsquo;ont jamais servi, que les plus vieux datent de 1967 et les plus jeunes de 1991. Je fais pas de politique ni de jugement. Mais c&rsquo;est un g\u00e2chis financier.<\/span><\/p>\n\n\t\t<style type=\"text\/css\">\n\t\t\t#gallery-3 {\n\t\t\t\tmargin: auto;\n\t\t\t}\n\t\t\t#gallery-3 .gallery-item {\n\t\t\t\tfloat: left;\n\t\t\t\tmargin-top: 10px;\n\t\t\t\ttext-align: center;\n\t\t\t\twidth: 33%;\n\t\t\t}\n\t\t\t#gallery-3 img {\n\t\t\t\tborder: 2px solid #cfcfcf;\n\t\t\t}\n\t\t\t#gallery-3 .gallery-caption {\n\t\t\t\tmargin-left: 0;\n\t\t\t}\n\t\t\t\/* see gallery_shortcode() in wp-includes\/media.php *\/\n\t\t<\/style>\n\t\t<div id='gallery-3' class='gallery galleryid-3480 gallery-columns-3 gallery-size-medium'><dl class='gallery-item'>\n\t\t\t<dt class='gallery-icon portrait'>\n\t\t\t\t<a href='https:\/\/lesghuidussenvadrouille.fr\/index.php\/2021\/05\/24\/albanie-macedoine-du-nord-et-bulgarie\/20210519_121030\/'><img loading=\"lazy\" decoding=\"async\" width=\"225\" height=\"300\" src=\"https:\/\/lesghuidussenvadrouille.fr\/wp-content\/uploads\/2021\/05\/20210519_121030-225x300.jpg\" class=\"attachment-medium size-medium\" alt=\"\" srcset=\"https:\/\/lesghuidussenvadrouille.fr\/wp-content\/uploads\/2021\/05\/20210519_121030-225x300.jpg 225w, https:\/\/lesghuidussenvadrouille.fr\/wp-content\/uploads\/2021\/05\/20210519_121030-768x1024.jpg 768w, https:\/\/lesghuidussenvadrouille.fr\/wp-content\/uploads\/2021\/05\/20210519_121030-1152x1536.jpg 1152w, https:\/\/lesghuidussenvadrouille.fr\/wp-content\/uploads\/2021\/05\/20210519_121030-1536x2048.jpg 1536w, https:\/\/lesghuidussenvadrouille.fr\/wp-content\/uploads\/2021\/05\/20210519_121030-scaled.jpg 1920w\" sizes=\"auto, (max-width: 225px) 100vw, 225px\" \/><\/a>\n\t\t\t<\/dt><\/dl><dl class='gallery-item'>\n\t\t\t<dt class='gallery-icon portrait'>\n\t\t\t\t<a href='https:\/\/lesghuidussenvadrouille.fr\/index.php\/2021\/05\/24\/albanie-macedoine-du-nord-et-bulgarie\/20210519_124506\/'><img loading=\"lazy\" decoding=\"async\" width=\"195\" height=\"300\" src=\"https:\/\/lesghuidussenvadrouille.fr\/wp-content\/uploads\/2021\/05\/20210519_124506-195x300.jpg\" class=\"attachment-medium size-medium\" alt=\"\" srcset=\"https:\/\/lesghuidussenvadrouille.fr\/wp-content\/uploads\/2021\/05\/20210519_124506-195x300.jpg 195w, https:\/\/lesghuidussenvadrouille.fr\/wp-content\/uploads\/2021\/05\/20210519_124506-665x1024.jpg 665w, https:\/\/lesghuidussenvadrouille.fr\/wp-content\/uploads\/2021\/05\/20210519_124506-768x1183.jpg 768w, https:\/\/lesghuidussenvadrouille.fr\/wp-content\/uploads\/2021\/05\/20210519_124506-998x1536.jpg 998w, https:\/\/lesghuidussenvadrouille.fr\/wp-content\/uploads\/2021\/05\/20210519_124506-1330x2048.jpg 1330w, https:\/\/lesghuidussenvadrouille.fr\/wp-content\/uploads\/2021\/05\/20210519_124506-scaled.jpg 1663w\" sizes=\"auto, (max-width: 195px) 100vw, 195px\" \/><\/a>\n\t\t\t<\/dt><\/dl>\n\t\t\t<br style='clear: both' \/>\n\t\t<\/div>\n\n<p><span style=\"color: #000000;\">On a de belles trouvailles sur la route.<\/span><\/p>\n<p><span style=\"color: #000000;\">La fronti\u00e8re n&rsquo;est qu&rsquo;\u00e0 3 km, ch\u00e9ck\u00e9 en 54 min et une fouille plut\u00f4t curieuse pour notre v\u00e9hicule.<\/span><\/p>\n<h2 style=\"text-align: center;\"><span style=\"color: #000000;\"><strong>Mac\u00e9doine du Nord :<\/strong><\/span><\/h2>\n<p><span style=\"color: #000000;\">Les douaniers ont un regard imposant. C\u00f4t\u00e9 administratif ca va vite mais l&rsquo;examination du camion est un peu plus pouss\u00e9. Ils trouvent de suite ma trousse d&rsquo;urgence sous mon si\u00e8ge. Heureusement que c&rsquo;est celle pour les bobos et pas ma pharmacie. Bref, on passe&#8230;<\/span><\/p>\n<h3><span style=\"color: #000000;\"><strong>Ohrid :<\/strong><\/span><\/h3>\n<p><span style=\"color: #000000;\">Avant d&rsquo;arriver \u00e0 la ville d&rsquo;Ohrid, nous longeons toujours ce superbe lac. Nous nous arr\u00eatons pour admirer l&rsquo;ancien village de p\u00eacheurs sur pilotis dont les maisons sont faites de pailles et de torchis.<\/span><\/p>\n\n\t\t<style type=\"text\/css\">\n\t\t\t#gallery-4 {\n\t\t\t\tmargin: auto;\n\t\t\t}\n\t\t\t#gallery-4 .gallery-item {\n\t\t\t\tfloat: left;\n\t\t\t\tmargin-top: 10px;\n\t\t\t\ttext-align: center;\n\t\t\t\twidth: 33%;\n\t\t\t}\n\t\t\t#gallery-4 img {\n\t\t\t\tborder: 2px solid #cfcfcf;\n\t\t\t}\n\t\t\t#gallery-4 .gallery-caption {\n\t\t\t\tmargin-left: 0;\n\t\t\t}\n\t\t\t\/* see gallery_shortcode() in wp-includes\/media.php *\/\n\t\t<\/style>\n\t\t<div id='gallery-4' class='gallery galleryid-3480 gallery-columns-3 gallery-size-medium'><dl class='gallery-item'>\n\t\t\t<dt class='gallery-icon portrait'>\n\t\t\t\t<a href='https:\/\/lesghuidussenvadrouille.fr\/index.php\/2021\/05\/24\/albanie-macedoine-du-nord-et-bulgarie\/20210519_135035\/'><img loading=\"lazy\" decoding=\"async\" width=\"258\" height=\"300\" src=\"https:\/\/lesghuidussenvadrouille.fr\/wp-content\/uploads\/2021\/05\/20210519_135035-258x300.jpg\" class=\"attachment-medium size-medium\" alt=\"\" aria-describedby=\"gallery-4-3494\" srcset=\"https:\/\/lesghuidussenvadrouille.fr\/wp-content\/uploads\/2021\/05\/20210519_135035-258x300.jpg 258w, https:\/\/lesghuidussenvadrouille.fr\/wp-content\/uploads\/2021\/05\/20210519_135035-880x1024.jpg 880w, https:\/\/lesghuidussenvadrouille.fr\/wp-content\/uploads\/2021\/05\/20210519_135035-768x893.jpg 768w, https:\/\/lesghuidussenvadrouille.fr\/wp-content\/uploads\/2021\/05\/20210519_135035-1321x1536.jpg 1321w, https:\/\/lesghuidussenvadrouille.fr\/wp-content\/uploads\/2021\/05\/20210519_135035-1761x2048.jpg 1761w\" sizes=\"auto, (max-width: 258px) 100vw, 258px\" \/><\/a>\n\t\t\t<\/dt>\n\t\t\t\t<dd class='wp-caption-text gallery-caption' id='gallery-4-3494'>\n\t\t\t\tvillage de p\u00eacheurs\n\t\t\t\t<\/dd><\/dl><dl class='gallery-item'>\n\t\t\t<dt class='gallery-icon portrait'>\n\t\t\t\t<a href='https:\/\/lesghuidussenvadrouille.fr\/index.php\/2021\/05\/24\/albanie-macedoine-du-nord-et-bulgarie\/20210519_135053\/'><img loading=\"lazy\" decoding=\"async\" width=\"225\" height=\"300\" src=\"https:\/\/lesghuidussenvadrouille.fr\/wp-content\/uploads\/2021\/05\/20210519_135053-225x300.jpg\" class=\"attachment-medium size-medium\" alt=\"\" aria-describedby=\"gallery-4-3495\" srcset=\"https:\/\/lesghuidussenvadrouille.fr\/wp-content\/uploads\/2021\/05\/20210519_135053-225x300.jpg 225w, https:\/\/lesghuidussenvadrouille.fr\/wp-content\/uploads\/2021\/05\/20210519_135053-768x1024.jpg 768w, https:\/\/lesghuidussenvadrouille.fr\/wp-content\/uploads\/2021\/05\/20210519_135053-1152x1536.jpg 1152w, https:\/\/lesghuidussenvadrouille.fr\/wp-content\/uploads\/2021\/05\/20210519_135053-1536x2048.jpg 1536w, https:\/\/lesghuidussenvadrouille.fr\/wp-content\/uploads\/2021\/05\/20210519_135053-scaled.jpg 1920w\" sizes=\"auto, (max-width: 225px) 100vw, 225px\" \/><\/a>\n\t\t\t<\/dt>\n\t\t\t\t<dd class='wp-caption-text gallery-caption' id='gallery-4-3495'>\n\t\t\t\tvu des montagnes albanaises.\n\t\t\t\t<\/dd><\/dl>\n\t\t\t<br style='clear: both' \/>\n\t\t<\/div>\n\n<p><span style=\"color: #000000;\">Nous avons un panorama sur ces montagnes, cette couleur ou nous distinguons \u00e0 peine le ciel du lac.<\/span><\/p>\n<p><span style=\"color: #000000;\">Petite ville, sur la rive du lac, avec une orientation ottomane. On retrouve ses rues \u00e9troites, ses petites ruelles, son vieux Bazard, ses \u00e9glises, son march\u00e9 couvert dont St Sophie (encore elle) ses mosqu\u00e9es. Un petit aper\u00e7u de notre temps regrett\u00e9s Turquie.<\/span><\/p>\n\n\t\t<style type=\"text\/css\">\n\t\t\t#gallery-5 {\n\t\t\t\tmargin: auto;\n\t\t\t}\n\t\t\t#gallery-5 .gallery-item {\n\t\t\t\tfloat: left;\n\t\t\t\tmargin-top: 10px;\n\t\t\t\ttext-align: center;\n\t\t\t\twidth: 33%;\n\t\t\t}\n\t\t\t#gallery-5 img {\n\t\t\t\tborder: 2px solid #cfcfcf;\n\t\t\t}\n\t\t\t#gallery-5 .gallery-caption {\n\t\t\t\tmargin-left: 0;\n\t\t\t}\n\t\t\t\/* see gallery_shortcode() in wp-includes\/media.php *\/\n\t\t<\/style>\n\t\t<div id='gallery-5' class='gallery galleryid-3480 gallery-columns-3 gallery-size-medium'><dl class='gallery-item'>\n\t\t\t<dt class='gallery-icon landscape'>\n\t\t\t\t<a href='https:\/\/lesghuidussenvadrouille.fr\/index.php\/2021\/05\/24\/albanie-macedoine-du-nord-et-bulgarie\/20210519_175049\/'><img loading=\"lazy\" decoding=\"async\" width=\"300\" height=\"182\" src=\"https:\/\/lesghuidussenvadrouille.fr\/wp-content\/uploads\/2021\/05\/20210519_175049-300x182.jpg\" class=\"attachment-medium size-medium\" alt=\"\" aria-describedby=\"gallery-5-3508\" srcset=\"https:\/\/lesghuidussenvadrouille.fr\/wp-content\/uploads\/2021\/05\/20210519_175049-300x182.jpg 300w, https:\/\/lesghuidussenvadrouille.fr\/wp-content\/uploads\/2021\/05\/20210519_175049-1024x620.jpg 1024w, https:\/\/lesghuidussenvadrouille.fr\/wp-content\/uploads\/2021\/05\/20210519_175049-768x465.jpg 768w, https:\/\/lesghuidussenvadrouille.fr\/wp-content\/uploads\/2021\/05\/20210519_175049-1536x930.jpg 1536w, https:\/\/lesghuidussenvadrouille.fr\/wp-content\/uploads\/2021\/05\/20210519_175049-2048x1240.jpg 2048w\" sizes=\"auto, (max-width: 300px) 100vw, 300px\" \/><\/a>\n\t\t\t<\/dt>\n\t\t\t\t<dd class='wp-caption-text gallery-caption' id='gallery-5-3508'>\n\t\t\t\tvue d&rsquo;Ohrid\n\t\t\t\t<\/dd><\/dl><dl class='gallery-item'>\n\t\t\t<dt class='gallery-icon landscape'>\n\t\t\t\t<a href='https:\/\/lesghuidussenvadrouille.fr\/index.php\/2021\/05\/24\/albanie-macedoine-du-nord-et-bulgarie\/20210519_174908\/'><img loading=\"lazy\" decoding=\"async\" width=\"300\" height=\"225\" src=\"https:\/\/lesghuidussenvadrouille.fr\/wp-content\/uploads\/2021\/05\/20210519_174908-300x225.jpg\" class=\"attachment-medium size-medium\" alt=\"\" aria-describedby=\"gallery-5-3507\" srcset=\"https:\/\/lesghuidussenvadrouille.fr\/wp-content\/uploads\/2021\/05\/20210519_174908-300x225.jpg 300w, https:\/\/lesghuidussenvadrouille.fr\/wp-content\/uploads\/2021\/05\/20210519_174908-1024x768.jpg 1024w, https:\/\/lesghuidussenvadrouille.fr\/wp-content\/uploads\/2021\/05\/20210519_174908-768x576.jpg 768w, https:\/\/lesghuidussenvadrouille.fr\/wp-content\/uploads\/2021\/05\/20210519_174908-1536x1152.jpg 1536w, https:\/\/lesghuidussenvadrouille.fr\/wp-content\/uploads\/2021\/05\/20210519_174908-2048x1536.jpg 2048w\" sizes=\"auto, (max-width: 300px) 100vw, 300px\" \/><\/a>\n\t\t\t<\/dt>\n\t\t\t\t<dd class='wp-caption-text gallery-caption' id='gallery-5-3507'>\n\t\t\t\tSt Sophie\n\t\t\t\t<\/dd><\/dl><dl class='gallery-item'>\n\t\t\t<dt class='gallery-icon portrait'>\n\t\t\t\t<a href='https:\/\/lesghuidussenvadrouille.fr\/index.php\/2021\/05\/24\/albanie-macedoine-du-nord-et-bulgarie\/20210519_174848\/'><img loading=\"lazy\" decoding=\"async\" width=\"225\" height=\"300\" src=\"https:\/\/lesghuidussenvadrouille.fr\/wp-content\/uploads\/2021\/05\/20210519_174848-225x300.jpg\" class=\"attachment-medium size-medium\" alt=\"\" aria-describedby=\"gallery-5-3506\" srcset=\"https:\/\/lesghuidussenvadrouille.fr\/wp-content\/uploads\/2021\/05\/20210519_174848-225x300.jpg 225w, https:\/\/lesghuidussenvadrouille.fr\/wp-content\/uploads\/2021\/05\/20210519_174848-768x1024.jpg 768w, https:\/\/lesghuidussenvadrouille.fr\/wp-content\/uploads\/2021\/05\/20210519_174848-1152x1536.jpg 1152w, https:\/\/lesghuidussenvadrouille.fr\/wp-content\/uploads\/2021\/05\/20210519_174848-1536x2048.jpg 1536w, https:\/\/lesghuidussenvadrouille.fr\/wp-content\/uploads\/2021\/05\/20210519_174848-scaled.jpg 1920w\" sizes=\"auto, (max-width: 225px) 100vw, 225px\" \/><\/a>\n\t\t\t<\/dt>\n\t\t\t\t<dd class='wp-caption-text gallery-caption' id='gallery-5-3506'>\n\t\t\t\tle th\u00e9\u00e2tre antique\n\t\t\t\t<\/dd><\/dl><br style=\"clear: both\" \/><dl class='gallery-item'>\n\t\t\t<dt class='gallery-icon portrait'>\n\t\t\t\t<a href='https:\/\/lesghuidussenvadrouille.fr\/index.php\/2021\/05\/24\/albanie-macedoine-du-nord-et-bulgarie\/20210519_175108\/'><img loading=\"lazy\" decoding=\"async\" width=\"225\" height=\"300\" src=\"https:\/\/lesghuidussenvadrouille.fr\/wp-content\/uploads\/2021\/05\/20210519_175108-225x300.jpg\" class=\"attachment-medium size-medium\" alt=\"\" aria-describedby=\"gallery-5-3505\" srcset=\"https:\/\/lesghuidussenvadrouille.fr\/wp-content\/uploads\/2021\/05\/20210519_175108-225x300.jpg 225w, https:\/\/lesghuidussenvadrouille.fr\/wp-content\/uploads\/2021\/05\/20210519_175108-768x1024.jpg 768w, https:\/\/lesghuidussenvadrouille.fr\/wp-content\/uploads\/2021\/05\/20210519_175108-1152x1536.jpg 1152w, https:\/\/lesghuidussenvadrouille.fr\/wp-content\/uploads\/2021\/05\/20210519_175108-1536x2048.jpg 1536w, https:\/\/lesghuidussenvadrouille.fr\/wp-content\/uploads\/2021\/05\/20210519_175108-scaled.jpg 1920w\" sizes=\"auto, (max-width: 225px) 100vw, 225px\" \/><\/a>\n\t\t\t<\/dt>\n\t\t\t\t<dd class='wp-caption-text gallery-caption' id='gallery-5-3505'>\n\t\t\t\tle port de plaisance\n\t\t\t\t<\/dd><\/dl><dl class='gallery-item'>\n\t\t\t<dt class='gallery-icon portrait'>\n\t\t\t\t<a href='https:\/\/lesghuidussenvadrouille.fr\/index.php\/2021\/05\/24\/albanie-macedoine-du-nord-et-bulgarie\/20210519_174813-2\/'><img loading=\"lazy\" decoding=\"async\" width=\"227\" height=\"300\" src=\"https:\/\/lesghuidussenvadrouille.fr\/wp-content\/uploads\/2021\/05\/20210519_174813-1-227x300.jpg\" class=\"attachment-medium size-medium\" alt=\"\" srcset=\"https:\/\/lesghuidussenvadrouille.fr\/wp-content\/uploads\/2021\/05\/20210519_174813-1-227x300.jpg 227w, https:\/\/lesghuidussenvadrouille.fr\/wp-content\/uploads\/2021\/05\/20210519_174813-1-775x1024.jpg 775w, https:\/\/lesghuidussenvadrouille.fr\/wp-content\/uploads\/2021\/05\/20210519_174813-1-768x1014.jpg 768w, https:\/\/lesghuidussenvadrouille.fr\/wp-content\/uploads\/2021\/05\/20210519_174813-1-1163x1536.jpg 1163w, https:\/\/lesghuidussenvadrouille.fr\/wp-content\/uploads\/2021\/05\/20210519_174813-1-1551x2048.jpg 1551w, https:\/\/lesghuidussenvadrouille.fr\/wp-content\/uploads\/2021\/05\/20210519_174813-1-scaled.jpg 1939w\" sizes=\"auto, (max-width: 227px) 100vw, 227px\" \/><\/a>\n\t\t\t<\/dt><\/dl><dl class='gallery-item'>\n\t\t\t<dt class='gallery-icon portrait'>\n\t\t\t\t<a href='https:\/\/lesghuidussenvadrouille.fr\/index.php\/2021\/05\/24\/albanie-macedoine-du-nord-et-bulgarie\/20210519_174704\/'><img loading=\"lazy\" decoding=\"async\" width=\"225\" height=\"300\" src=\"https:\/\/lesghuidussenvadrouille.fr\/wp-content\/uploads\/2021\/05\/20210519_174704-225x300.jpg\" class=\"attachment-medium size-medium\" alt=\"\" aria-describedby=\"gallery-5-3503\" srcset=\"https:\/\/lesghuidussenvadrouille.fr\/wp-content\/uploads\/2021\/05\/20210519_174704-225x300.jpg 225w, https:\/\/lesghuidussenvadrouille.fr\/wp-content\/uploads\/2021\/05\/20210519_174704-768x1024.jpg 768w, https:\/\/lesghuidussenvadrouille.fr\/wp-content\/uploads\/2021\/05\/20210519_174704-1152x1536.jpg 1152w, https:\/\/lesghuidussenvadrouille.fr\/wp-content\/uploads\/2021\/05\/20210519_174704-1536x2048.jpg 1536w, https:\/\/lesghuidussenvadrouille.fr\/wp-content\/uploads\/2021\/05\/20210519_174704-scaled.jpg 1920w\" sizes=\"auto, (max-width: 225px) 100vw, 225px\" \/><\/a>\n\t\t\t<\/dt>\n\t\t\t\t<dd class='wp-caption-text gallery-caption' id='gallery-5-3503'>\n\t\t\t\tla vue  sur le chateau\n\t\t\t\t<\/dd><\/dl><br style=\"clear: both\" \/><dl class='gallery-item'>\n\t\t\t<dt class='gallery-icon portrait'>\n\t\t\t\t<a href='https:\/\/lesghuidussenvadrouille.fr\/index.php\/2021\/05\/24\/albanie-macedoine-du-nord-et-bulgarie\/20210519_174535\/'><img loading=\"lazy\" decoding=\"async\" width=\"225\" height=\"300\" src=\"https:\/\/lesghuidussenvadrouille.fr\/wp-content\/uploads\/2021\/05\/20210519_174535-225x300.jpg\" class=\"attachment-medium size-medium\" alt=\"\" aria-describedby=\"gallery-5-3502\" srcset=\"https:\/\/lesghuidussenvadrouille.fr\/wp-content\/uploads\/2021\/05\/20210519_174535-225x300.jpg 225w, https:\/\/lesghuidussenvadrouille.fr\/wp-content\/uploads\/2021\/05\/20210519_174535-768x1024.jpg 768w, https:\/\/lesghuidussenvadrouille.fr\/wp-content\/uploads\/2021\/05\/20210519_174535-1152x1536.jpg 1152w, https:\/\/lesghuidussenvadrouille.fr\/wp-content\/uploads\/2021\/05\/20210519_174535-1536x2048.jpg 1536w, https:\/\/lesghuidussenvadrouille.fr\/wp-content\/uploads\/2021\/05\/20210519_174535-scaled.jpg 1920w\" sizes=\"auto, (max-width: 225px) 100vw, 225px\" \/><\/a>\n\t\t\t<\/dt>\n\t\t\t\t<dd class='wp-caption-text gallery-caption' id='gallery-5-3502'>\n\t\t\t\tbien vide comme on aime\n\t\t\t\t<\/dd><\/dl><dl class='gallery-item'>\n\t\t\t<dt class='gallery-icon portrait'>\n\t\t\t\t<a href='https:\/\/lesghuidussenvadrouille.fr\/index.php\/2021\/05\/24\/albanie-macedoine-du-nord-et-bulgarie\/20210519_174834\/'><img loading=\"lazy\" decoding=\"async\" width=\"253\" height=\"300\" src=\"https:\/\/lesghuidussenvadrouille.fr\/wp-content\/uploads\/2021\/05\/20210519_174834-253x300.jpg\" class=\"attachment-medium size-medium\" alt=\"\" aria-describedby=\"gallery-5-3501\" srcset=\"https:\/\/lesghuidussenvadrouille.fr\/wp-content\/uploads\/2021\/05\/20210519_174834-253x300.jpg 253w, https:\/\/lesghuidussenvadrouille.fr\/wp-content\/uploads\/2021\/05\/20210519_174834-865x1024.jpg 865w, https:\/\/lesghuidussenvadrouille.fr\/wp-content\/uploads\/2021\/05\/20210519_174834-768x909.jpg 768w, https:\/\/lesghuidussenvadrouille.fr\/wp-content\/uploads\/2021\/05\/20210519_174834-1298x1536.jpg 1298w, https:\/\/lesghuidussenvadrouille.fr\/wp-content\/uploads\/2021\/05\/20210519_174834-1730x2048.jpg 1730w\" sizes=\"auto, (max-width: 253px) 100vw, 253px\" \/><\/a>\n\t\t\t<\/dt>\n\t\t\t\t<dd class='wp-caption-text gallery-caption' id='gallery-5-3501'>\n\t\t\t\tla porte\n\t\t\t\t<\/dd><\/dl><dl class='gallery-item'>\n\t\t\t<dt class='gallery-icon portrait'>\n\t\t\t\t<a href='https:\/\/lesghuidussenvadrouille.fr\/index.php\/2021\/05\/24\/albanie-macedoine-du-nord-et-bulgarie\/20210519_174813\/'><img loading=\"lazy\" decoding=\"async\" width=\"227\" height=\"300\" src=\"https:\/\/lesghuidussenvadrouille.fr\/wp-content\/uploads\/2021\/05\/20210519_174813-227x300.jpg\" class=\"attachment-medium size-medium\" alt=\"\" aria-describedby=\"gallery-5-3500\" srcset=\"https:\/\/lesghuidussenvadrouille.fr\/wp-content\/uploads\/2021\/05\/20210519_174813-227x300.jpg 227w, https:\/\/lesghuidussenvadrouille.fr\/wp-content\/uploads\/2021\/05\/20210519_174813-775x1024.jpg 775w, https:\/\/lesghuidussenvadrouille.fr\/wp-content\/uploads\/2021\/05\/20210519_174813-768x1014.jpg 768w, https:\/\/lesghuidussenvadrouille.fr\/wp-content\/uploads\/2021\/05\/20210519_174813-1163x1536.jpg 1163w, https:\/\/lesghuidussenvadrouille.fr\/wp-content\/uploads\/2021\/05\/20210519_174813-1551x2048.jpg 1551w, https:\/\/lesghuidussenvadrouille.fr\/wp-content\/uploads\/2021\/05\/20210519_174813-scaled.jpg 1939w\" sizes=\"auto, (max-width: 227px) 100vw, 227px\" \/><\/a>\n\t\t\t<\/dt>\n\t\t\t\t<dd class='wp-caption-text gallery-caption' id='gallery-5-3500'>\n\t\t\t\tles lampadaires\n\t\t\t\t<\/dd><\/dl><br style=\"clear: both\" \/><dl class='gallery-item'>\n\t\t\t<dt class='gallery-icon portrait'>\n\t\t\t\t<a href='https:\/\/lesghuidussenvadrouille.fr\/index.php\/2021\/05\/24\/albanie-macedoine-du-nord-et-bulgarie\/20210519_174633\/'><img loading=\"lazy\" decoding=\"async\" width=\"225\" height=\"300\" src=\"https:\/\/lesghuidussenvadrouille.fr\/wp-content\/uploads\/2021\/05\/20210519_174633-225x300.jpg\" class=\"attachment-medium size-medium\" alt=\"\" srcset=\"https:\/\/lesghuidussenvadrouille.fr\/wp-content\/uploads\/2021\/05\/20210519_174633-225x300.jpg 225w, https:\/\/lesghuidussenvadrouille.fr\/wp-content\/uploads\/2021\/05\/20210519_174633-768x1024.jpg 768w, https:\/\/lesghuidussenvadrouille.fr\/wp-content\/uploads\/2021\/05\/20210519_174633-1152x1536.jpg 1152w, https:\/\/lesghuidussenvadrouille.fr\/wp-content\/uploads\/2021\/05\/20210519_174633-1536x2048.jpg 1536w, https:\/\/lesghuidussenvadrouille.fr\/wp-content\/uploads\/2021\/05\/20210519_174633-scaled.jpg 1920w\" sizes=\"auto, (max-width: 225px) 100vw, 225px\" \/><\/a>\n\t\t\t<\/dt><\/dl><dl class='gallery-item'>\n\t\t\t<dt class='gallery-icon portrait'>\n\t\t\t\t<a href='https:\/\/lesghuidussenvadrouille.fr\/index.php\/2021\/05\/24\/albanie-macedoine-du-nord-et-bulgarie\/20210519_174620\/'><img loading=\"lazy\" decoding=\"async\" width=\"225\" height=\"300\" src=\"https:\/\/lesghuidussenvadrouille.fr\/wp-content\/uploads\/2021\/05\/20210519_174620-225x300.jpg\" class=\"attachment-medium size-medium\" alt=\"\" aria-describedby=\"gallery-5-3498\" srcset=\"https:\/\/lesghuidussenvadrouille.fr\/wp-content\/uploads\/2021\/05\/20210519_174620-225x300.jpg 225w, https:\/\/lesghuidussenvadrouille.fr\/wp-content\/uploads\/2021\/05\/20210519_174620-768x1024.jpg 768w, https:\/\/lesghuidussenvadrouille.fr\/wp-content\/uploads\/2021\/05\/20210519_174620-1152x1536.jpg 1152w, https:\/\/lesghuidussenvadrouille.fr\/wp-content\/uploads\/2021\/05\/20210519_174620-1536x2048.jpg 1536w, https:\/\/lesghuidussenvadrouille.fr\/wp-content\/uploads\/2021\/05\/20210519_174620-scaled.jpg 1920w\" sizes=\"auto, (max-width: 225px) 100vw, 225px\" \/><\/a>\n\t\t\t<\/dt>\n\t\t\t\t<dd class='wp-caption-text gallery-caption' id='gallery-5-3498'>\n\t\t\t\tc&rsquo;est pour les copines\n\t\t\t\t<\/dd><\/dl><dl class='gallery-item'>\n\t\t\t<dt class='gallery-icon portrait'>\n\t\t\t\t<a href='https:\/\/lesghuidussenvadrouille.fr\/index.php\/2021\/05\/24\/albanie-macedoine-du-nord-et-bulgarie\/20210519_174458\/'><img loading=\"lazy\" decoding=\"async\" width=\"225\" height=\"300\" src=\"https:\/\/lesghuidussenvadrouille.fr\/wp-content\/uploads\/2021\/05\/20210519_174458-225x300.jpg\" class=\"attachment-medium size-medium\" alt=\"\" aria-describedby=\"gallery-5-3497\" srcset=\"https:\/\/lesghuidussenvadrouille.fr\/wp-content\/uploads\/2021\/05\/20210519_174458-225x300.jpg 225w, https:\/\/lesghuidussenvadrouille.fr\/wp-content\/uploads\/2021\/05\/20210519_174458-768x1024.jpg 768w, https:\/\/lesghuidussenvadrouille.fr\/wp-content\/uploads\/2021\/05\/20210519_174458-1152x1536.jpg 1152w, https:\/\/lesghuidussenvadrouille.fr\/wp-content\/uploads\/2021\/05\/20210519_174458-1536x2048.jpg 1536w, https:\/\/lesghuidussenvadrouille.fr\/wp-content\/uploads\/2021\/05\/20210519_174458-scaled.jpg 1920w\" sizes=\"auto, (max-width: 225px) 100vw, 225px\" \/><\/a>\n\t\t\t<\/dt>\n\t\t\t\t<dd class='wp-caption-text gallery-caption' id='gallery-5-3497'>\n\t\t\t\truelle \n\t\t\t\t<\/dd><\/dl><br style=\"clear: both\" \/><dl class='gallery-item'>\n\t\t\t<dt class='gallery-icon portrait'>\n\t\t\t\t<a href='https:\/\/lesghuidussenvadrouille.fr\/index.php\/2021\/05\/24\/albanie-macedoine-du-nord-et-bulgarie\/20210519_174430\/'><img loading=\"lazy\" decoding=\"async\" width=\"225\" height=\"300\" src=\"https:\/\/lesghuidussenvadrouille.fr\/wp-content\/uploads\/2021\/05\/20210519_174430-225x300.jpg\" class=\"attachment-medium size-medium\" alt=\"\" aria-describedby=\"gallery-5-3496\" srcset=\"https:\/\/lesghuidussenvadrouille.fr\/wp-content\/uploads\/2021\/05\/20210519_174430-225x300.jpg 225w, https:\/\/lesghuidussenvadrouille.fr\/wp-content\/uploads\/2021\/05\/20210519_174430-768x1024.jpg 768w, https:\/\/lesghuidussenvadrouille.fr\/wp-content\/uploads\/2021\/05\/20210519_174430-1152x1536.jpg 1152w, https:\/\/lesghuidussenvadrouille.fr\/wp-content\/uploads\/2021\/05\/20210519_174430-1536x2048.jpg 1536w, https:\/\/lesghuidussenvadrouille.fr\/wp-content\/uploads\/2021\/05\/20210519_174430-scaled.jpg 1920w\" sizes=\"auto, (max-width: 225px) 100vw, 225px\" \/><\/a>\n\t\t\t<\/dt>\n\t\t\t\t<dd class='wp-caption-text gallery-caption' id='gallery-5-3496'>\n\t\t\t\tune famille de cygne\n\t\t\t\t<\/dd><\/dl><dl class='gallery-item'>\n\t\t\t<dt class='gallery-icon portrait'>\n\t\t\t\t<a href='https:\/\/lesghuidussenvadrouille.fr\/index.php\/2021\/05\/24\/albanie-macedoine-du-nord-et-bulgarie\/20210522_193025\/'><img loading=\"lazy\" decoding=\"async\" width=\"225\" height=\"300\" src=\"https:\/\/lesghuidussenvadrouille.fr\/wp-content\/uploads\/2021\/05\/20210522_193025-225x300.jpg\" class=\"attachment-medium size-medium\" alt=\"\" aria-describedby=\"gallery-5-3510\" srcset=\"https:\/\/lesghuidussenvadrouille.fr\/wp-content\/uploads\/2021\/05\/20210522_193025-225x300.jpg 225w, https:\/\/lesghuidussenvadrouille.fr\/wp-content\/uploads\/2021\/05\/20210522_193025-768x1024.jpg 768w, https:\/\/lesghuidussenvadrouille.fr\/wp-content\/uploads\/2021\/05\/20210522_193025-1152x1536.jpg 1152w, https:\/\/lesghuidussenvadrouille.fr\/wp-content\/uploads\/2021\/05\/20210522_193025-1536x2048.jpg 1536w, https:\/\/lesghuidussenvadrouille.fr\/wp-content\/uploads\/2021\/05\/20210522_193025-scaled.jpg 1920w\" sizes=\"auto, (max-width: 225px) 100vw, 225px\" \/><\/a>\n\t\t\t<\/dt>\n\t\t\t\t<dd class='wp-caption-text gallery-caption' id='gallery-5-3510'>\n\t\t\t\tvue cu camion\n\t\t\t\t<\/dd><\/dl>\n\t\t\t<br style='clear: both' \/>\n\t\t<\/div>\n\n<p><span style=\"color: #000000;\">On fl\u00e2ne tous simplement, le temps se g\u00e2tent et l&rsquo;heure tourne. Nous sommes parqu\u00e9s sur un parking payant et qui ne nous pla\u00eet pas du tout.<\/span><\/p>\n<p><span style=\"color: #000000;\">Nous trouvons notre bonheur, de l&rsquo;autre c\u00f4t\u00e9 de la ville au bord du lac. Ce coin est fr\u00e9quent\u00e9 par les locaux qui viennent en petit groupe ou seul, 5 min et reparte. nous n&rsquo;avons jamais compris pourquoi.<\/span><\/p>\n<p><span style=\"color: #000000;\">Nous restons deux nuits, nous sommes un peu fatigu\u00e9s. nous pouvons aller nous approvisionner facilement \u00e0 pied aux march\u00e9 couvert. en gros j&rsquo;ai 6 kg de fruits et l\u00e9gumes pour 3 \u20ac. La boulangerie \u00e0 100 m. Balade le long du lac. Le mauvais temps se renforce, beaucoup de vent avec de la pluie.<\/span><\/p>\n<h3><strong><span style=\"color: #000000;\">Le canyon Matka :<\/span><\/strong><\/h3>\n<p><span style=\"color: #000000;\">Notre coup de c\u0153ur. Nous en avons gravi des canyons mais celui-ci, se d\u00e9marque:<\/span><\/p>\n<ul>\n<li><span style=\"color: #000000;\">L&rsquo;endroit est paisible pourtant il y a beaucoup de monde et d&rsquo;activit\u00e9s.\u00a0<\/span><\/li>\n<li><span style=\"color: #000000;\">La couleur est sublime \u00e0 divers moments de la journ\u00e9e.<\/span><\/li>\n<li><span style=\"color: #000000;\">Le sentier est facile, enfin au bout d&rsquo;un moment j&rsquo;ai abandonn\u00e9. Be oui, j&rsquo;ai le vertige et de plus je me suis cass\u00e9e la figure. J&rsquo;ai pas vu le trou.<\/span><\/li>\n<li><span style=\"color: #000000;\">Les maisonnettes tout le long du lac.<\/span><\/li>\n<li><span style=\"color: #000000;\">Les petits animaux.(ouf nous n&rsquo;avons pas crois\u00e9 de serpents mortels)<\/span><\/li>\n<li><span style=\"color: #000000;\">des bateaux, des caf\u00e9s des cano\u00ebs qui ne g\u00eanent en rien le paysage.<\/span><\/li>\n<\/ul>\n<p><span style=\"color: #000000;\">Il y a une grotte mais disons qu&rsquo;on n&rsquo;a pas tout compris. Par le chemin au bout d&rsquo;une heure toujours pas en vue, en bateau alors&#8230;Ah b\u00e9 quand on parle pas mac\u00e9donien et le batelier aussi bien anglais que nous. C&rsquo;est \u00e0 dire very bad. Be tout simplement, on s&rsquo;est tromp\u00e9 de compagnie, nous avons fait un tour du lac sans voir la grotte (et oui c&rsquo;est l&rsquo;autre compagnie&#8230;.pfff touriste qu&rsquo;on est !)<\/span><\/p>\n<p>&nbsp;<\/p>\n\n\t\t<style type=\"text\/css\">\n\t\t\t#gallery-6 {\n\t\t\t\tmargin: auto;\n\t\t\t}\n\t\t\t#gallery-6 .gallery-item {\n\t\t\t\tfloat: left;\n\t\t\t\tmargin-top: 10px;\n\t\t\t\ttext-align: center;\n\t\t\t\twidth: 33%;\n\t\t\t}\n\t\t\t#gallery-6 img {\n\t\t\t\tborder: 2px solid #cfcfcf;\n\t\t\t}\n\t\t\t#gallery-6 .gallery-caption {\n\t\t\t\tmargin-left: 0;\n\t\t\t}\n\t\t\t\/* see gallery_shortcode() in wp-includes\/media.php *\/\n\t\t<\/style>\n\t\t<div id='gallery-6' class='gallery galleryid-3480 gallery-columns-3 gallery-size-medium'><dl class='gallery-item'>\n\t\t\t<dt class='gallery-icon portrait'>\n\t\t\t\t<a href='https:\/\/lesghuidussenvadrouille.fr\/index.php\/2021\/05\/24\/albanie-macedoine-du-nord-et-bulgarie\/20210522_192943\/'><img loading=\"lazy\" decoding=\"async\" width=\"225\" height=\"300\" src=\"https:\/\/lesghuidussenvadrouille.fr\/wp-content\/uploads\/2021\/05\/20210522_192943-225x300.jpg\" class=\"attachment-medium size-medium\" alt=\"\" aria-describedby=\"gallery-6-3524\" srcset=\"https:\/\/lesghuidussenvadrouille.fr\/wp-content\/uploads\/2021\/05\/20210522_192943-225x300.jpg 225w, https:\/\/lesghuidussenvadrouille.fr\/wp-content\/uploads\/2021\/05\/20210522_192943-768x1024.jpg 768w, https:\/\/lesghuidussenvadrouille.fr\/wp-content\/uploads\/2021\/05\/20210522_192943-1152x1536.jpg 1152w, https:\/\/lesghuidussenvadrouille.fr\/wp-content\/uploads\/2021\/05\/20210522_192943-1536x2048.jpg 1536w, https:\/\/lesghuidussenvadrouille.fr\/wp-content\/uploads\/2021\/05\/20210522_192943-scaled.jpg 1920w\" sizes=\"auto, (max-width: 225px) 100vw, 225px\" \/><\/a>\n\t\t\t<\/dt>\n\t\t\t\t<dd class='wp-caption-text gallery-caption' id='gallery-6-3524'>\n\t\t\t\tle barage\n\t\t\t\t<\/dd><\/dl><dl class='gallery-item'>\n\t\t\t<dt class='gallery-icon portrait'>\n\t\t\t\t<a href='https:\/\/lesghuidussenvadrouille.fr\/index.php\/2021\/05\/24\/albanie-macedoine-du-nord-et-bulgarie\/20210522_193010\/'><img loading=\"lazy\" decoding=\"async\" width=\"225\" height=\"300\" src=\"https:\/\/lesghuidussenvadrouille.fr\/wp-content\/uploads\/2021\/05\/20210522_193010-225x300.jpg\" class=\"attachment-medium size-medium\" alt=\"\" srcset=\"https:\/\/lesghuidussenvadrouille.fr\/wp-content\/uploads\/2021\/05\/20210522_193010-225x300.jpg 225w, https:\/\/lesghuidussenvadrouille.fr\/wp-content\/uploads\/2021\/05\/20210522_193010-768x1024.jpg 768w, https:\/\/lesghuidussenvadrouille.fr\/wp-content\/uploads\/2021\/05\/20210522_193010-1152x1536.jpg 1152w, https:\/\/lesghuidussenvadrouille.fr\/wp-content\/uploads\/2021\/05\/20210522_193010-1536x2048.jpg 1536w, https:\/\/lesghuidussenvadrouille.fr\/wp-content\/uploads\/2021\/05\/20210522_193010-scaled.jpg 1920w\" sizes=\"auto, (max-width: 225px) 100vw, 225px\" \/><\/a>\n\t\t\t<\/dt><\/dl><dl class='gallery-item'>\n\t\t\t<dt class='gallery-icon portrait'>\n\t\t\t\t<a href='https:\/\/lesghuidussenvadrouille.fr\/index.php\/2021\/05\/24\/albanie-macedoine-du-nord-et-bulgarie\/20210522_192747\/'><img loading=\"lazy\" decoding=\"async\" width=\"225\" height=\"300\" src=\"https:\/\/lesghuidussenvadrouille.fr\/wp-content\/uploads\/2021\/05\/20210522_192747-225x300.jpg\" class=\"attachment-medium size-medium\" alt=\"\" aria-describedby=\"gallery-6-3518\" srcset=\"https:\/\/lesghuidussenvadrouille.fr\/wp-content\/uploads\/2021\/05\/20210522_192747-225x300.jpg 225w, https:\/\/lesghuidussenvadrouille.fr\/wp-content\/uploads\/2021\/05\/20210522_192747-768x1024.jpg 768w, https:\/\/lesghuidussenvadrouille.fr\/wp-content\/uploads\/2021\/05\/20210522_192747-1152x1536.jpg 1152w, https:\/\/lesghuidussenvadrouille.fr\/wp-content\/uploads\/2021\/05\/20210522_192747-1536x2048.jpg 1536w, https:\/\/lesghuidussenvadrouille.fr\/wp-content\/uploads\/2021\/05\/20210522_192747-scaled.jpg 1920w\" sizes=\"auto, (max-width: 225px) 100vw, 225px\" \/><\/a>\n\t\t\t<\/dt>\n\t\t\t\t<dd class='wp-caption-text gallery-caption' id='gallery-6-3518'>\n\t\t\t\tle canyon\n\t\t\t\t<\/dd><\/dl><br style=\"clear: both\" \/><dl class='gallery-item'>\n\t\t\t<dt class='gallery-icon portrait'>\n\t\t\t\t<a href='https:\/\/lesghuidussenvadrouille.fr\/index.php\/2021\/05\/24\/albanie-macedoine-du-nord-et-bulgarie\/20210522_192850\/'><img loading=\"lazy\" decoding=\"async\" width=\"225\" height=\"300\" src=\"https:\/\/lesghuidussenvadrouille.fr\/wp-content\/uploads\/2021\/05\/20210522_192850-225x300.jpg\" class=\"attachment-medium size-medium\" alt=\"\" srcset=\"https:\/\/lesghuidussenvadrouille.fr\/wp-content\/uploads\/2021\/05\/20210522_192850-225x300.jpg 225w, https:\/\/lesghuidussenvadrouille.fr\/wp-content\/uploads\/2021\/05\/20210522_192850-768x1024.jpg 768w, https:\/\/lesghuidussenvadrouille.fr\/wp-content\/uploads\/2021\/05\/20210522_192850-1152x1536.jpg 1152w, https:\/\/lesghuidussenvadrouille.fr\/wp-content\/uploads\/2021\/05\/20210522_192850-1536x2048.jpg 1536w, https:\/\/lesghuidussenvadrouille.fr\/wp-content\/uploads\/2021\/05\/20210522_192850-scaled.jpg 1920w\" sizes=\"auto, (max-width: 225px) 100vw, 225px\" \/><\/a>\n\t\t\t<\/dt><\/dl><dl class='gallery-item'>\n\t\t\t<dt class='gallery-icon portrait'>\n\t\t\t\t<a href='https:\/\/lesghuidussenvadrouille.fr\/index.php\/2021\/05\/24\/albanie-macedoine-du-nord-et-bulgarie\/20210522_192832\/'><img loading=\"lazy\" decoding=\"async\" width=\"225\" height=\"300\" src=\"https:\/\/lesghuidussenvadrouille.fr\/wp-content\/uploads\/2021\/05\/20210522_192832-225x300.jpg\" class=\"attachment-medium size-medium\" alt=\"\" srcset=\"https:\/\/lesghuidussenvadrouille.fr\/wp-content\/uploads\/2021\/05\/20210522_192832-225x300.jpg 225w, https:\/\/lesghuidussenvadrouille.fr\/wp-content\/uploads\/2021\/05\/20210522_192832-768x1024.jpg 768w, https:\/\/lesghuidussenvadrouille.fr\/wp-content\/uploads\/2021\/05\/20210522_192832-1152x1536.jpg 1152w, https:\/\/lesghuidussenvadrouille.fr\/wp-content\/uploads\/2021\/05\/20210522_192832-1536x2048.jpg 1536w, https:\/\/lesghuidussenvadrouille.fr\/wp-content\/uploads\/2021\/05\/20210522_192832-scaled.jpg 1920w\" sizes=\"auto, (max-width: 225px) 100vw, 225px\" \/><\/a>\n\t\t\t<\/dt><\/dl><dl class='gallery-item'>\n\t\t\t<dt class='gallery-icon portrait'>\n\t\t\t\t<a href='https:\/\/lesghuidussenvadrouille.fr\/index.php\/2021\/05\/24\/albanie-macedoine-du-nord-et-bulgarie\/20210522_192638\/'><img loading=\"lazy\" decoding=\"async\" width=\"225\" height=\"300\" src=\"https:\/\/lesghuidussenvadrouille.fr\/wp-content\/uploads\/2021\/05\/20210522_192638-225x300.jpg\" class=\"attachment-medium size-medium\" alt=\"\" srcset=\"https:\/\/lesghuidussenvadrouille.fr\/wp-content\/uploads\/2021\/05\/20210522_192638-225x300.jpg 225w, https:\/\/lesghuidussenvadrouille.fr\/wp-content\/uploads\/2021\/05\/20210522_192638-768x1024.jpg 768w, https:\/\/lesghuidussenvadrouille.fr\/wp-content\/uploads\/2021\/05\/20210522_192638-1152x1536.jpg 1152w, https:\/\/lesghuidussenvadrouille.fr\/wp-content\/uploads\/2021\/05\/20210522_192638-1536x2048.jpg 1536w, https:\/\/lesghuidussenvadrouille.fr\/wp-content\/uploads\/2021\/05\/20210522_192638-scaled.jpg 1920w\" sizes=\"auto, (max-width: 225px) 100vw, 225px\" \/><\/a>\n\t\t\t<\/dt><\/dl><br style=\"clear: both\" \/><dl class='gallery-item'>\n\t\t\t<dt class='gallery-icon portrait'>\n\t\t\t\t<a href='https:\/\/lesghuidussenvadrouille.fr\/index.php\/2021\/05\/24\/albanie-macedoine-du-nord-et-bulgarie\/20210522_192548\/'><img loading=\"lazy\" decoding=\"async\" width=\"228\" height=\"300\" src=\"https:\/\/lesghuidussenvadrouille.fr\/wp-content\/uploads\/2021\/05\/20210522_192548-228x300.jpg\" class=\"attachment-medium size-medium\" alt=\"\" aria-describedby=\"gallery-6-3515\" srcset=\"https:\/\/lesghuidussenvadrouille.fr\/wp-content\/uploads\/2021\/05\/20210522_192548-228x300.jpg 228w, https:\/\/lesghuidussenvadrouille.fr\/wp-content\/uploads\/2021\/05\/20210522_192548-780x1024.jpg 780w, https:\/\/lesghuidussenvadrouille.fr\/wp-content\/uploads\/2021\/05\/20210522_192548-768x1008.jpg 768w, https:\/\/lesghuidussenvadrouille.fr\/wp-content\/uploads\/2021\/05\/20210522_192548-1170x1536.jpg 1170w, https:\/\/lesghuidussenvadrouille.fr\/wp-content\/uploads\/2021\/05\/20210522_192548-1560x2048.jpg 1560w, https:\/\/lesghuidussenvadrouille.fr\/wp-content\/uploads\/2021\/05\/20210522_192548-scaled.jpg 1950w\" sizes=\"auto, (max-width: 228px) 100vw, 228px\" \/><\/a>\n\t\t\t<\/dt>\n\t\t\t\t<dd class='wp-caption-text gallery-caption' id='gallery-6-3515'>\n\t\t\t\ttradition oblige\n\t\t\t\t<\/dd><\/dl><dl class='gallery-item'>\n\t\t\t<dt class='gallery-icon portrait'>\n\t\t\t\t<a href='https:\/\/lesghuidussenvadrouille.fr\/index.php\/2021\/05\/24\/albanie-macedoine-du-nord-et-bulgarie\/20210522_192621\/'><img loading=\"lazy\" decoding=\"async\" width=\"225\" height=\"300\" src=\"https:\/\/lesghuidussenvadrouille.fr\/wp-content\/uploads\/2021\/05\/20210522_192621-225x300.jpg\" class=\"attachment-medium size-medium\" alt=\"\" aria-describedby=\"gallery-6-3516\" srcset=\"https:\/\/lesghuidussenvadrouille.fr\/wp-content\/uploads\/2021\/05\/20210522_192621-225x300.jpg 225w, https:\/\/lesghuidussenvadrouille.fr\/wp-content\/uploads\/2021\/05\/20210522_192621-768x1025.jpg 768w, https:\/\/lesghuidussenvadrouille.fr\/wp-content\/uploads\/2021\/05\/20210522_192621-1151x1536.jpg 1151w, https:\/\/lesghuidussenvadrouille.fr\/wp-content\/uploads\/2021\/05\/20210522_192621-1535x2048.jpg 1535w, https:\/\/lesghuidussenvadrouille.fr\/wp-content\/uploads\/2021\/05\/20210522_192621.jpg 1568w\" sizes=\"auto, (max-width: 225px) 100vw, 225px\" \/><\/a>\n\t\t\t<\/dt>\n\t\t\t\t<dd class='wp-caption-text gallery-caption' id='gallery-6-3516'>\n\t\t\t\tun l\u00e9zard\n\t\t\t\t<\/dd><\/dl><dl class='gallery-item'>\n\t\t\t<dt class='gallery-icon portrait'>\n\t\t\t\t<a href='https:\/\/lesghuidussenvadrouille.fr\/index.php\/2021\/05\/24\/albanie-macedoine-du-nord-et-bulgarie\/20210522_191652\/'><img loading=\"lazy\" decoding=\"async\" width=\"225\" height=\"300\" src=\"https:\/\/lesghuidussenvadrouille.fr\/wp-content\/uploads\/2021\/05\/20210522_191652-225x300.jpg\" class=\"attachment-medium size-medium\" alt=\"\" aria-describedby=\"gallery-6-3511\" srcset=\"https:\/\/lesghuidussenvadrouille.fr\/wp-content\/uploads\/2021\/05\/20210522_191652-225x300.jpg 225w, https:\/\/lesghuidussenvadrouille.fr\/wp-content\/uploads\/2021\/05\/20210522_191652-768x1024.jpg 768w, https:\/\/lesghuidussenvadrouille.fr\/wp-content\/uploads\/2021\/05\/20210522_191652-1152x1536.jpg 1152w, https:\/\/lesghuidussenvadrouille.fr\/wp-content\/uploads\/2021\/05\/20210522_191652-1536x2048.jpg 1536w, https:\/\/lesghuidussenvadrouille.fr\/wp-content\/uploads\/2021\/05\/20210522_191652-scaled.jpg 1920w\" sizes=\"auto, (max-width: 225px) 100vw, 225px\" \/><\/a>\n\t\t\t<\/dt>\n\t\t\t\t<dd class='wp-caption-text gallery-caption' id='gallery-6-3511'>\n\t\t\t\tmaisonnette\n\t\t\t\t<\/dd><\/dl><br style=\"clear: both\" \/><dl class='gallery-item'>\n\t\t\t<dt class='gallery-icon portrait'>\n\t\t\t\t<a href='https:\/\/lesghuidussenvadrouille.fr\/index.php\/2021\/05\/24\/albanie-macedoine-du-nord-et-bulgarie\/20210522_192252\/'><img loading=\"lazy\" decoding=\"async\" width=\"206\" height=\"300\" src=\"https:\/\/lesghuidussenvadrouille.fr\/wp-content\/uploads\/2021\/05\/20210522_192252-206x300.jpg\" class=\"attachment-medium size-medium\" alt=\"\" srcset=\"https:\/\/lesghuidussenvadrouille.fr\/wp-content\/uploads\/2021\/05\/20210522_192252-206x300.jpg 206w, https:\/\/lesghuidussenvadrouille.fr\/wp-content\/uploads\/2021\/05\/20210522_192252-705x1024.jpg 705w, https:\/\/lesghuidussenvadrouille.fr\/wp-content\/uploads\/2021\/05\/20210522_192252-768x1116.jpg 768w, https:\/\/lesghuidussenvadrouille.fr\/wp-content\/uploads\/2021\/05\/20210522_192252-1057x1536.jpg 1057w, https:\/\/lesghuidussenvadrouille.fr\/wp-content\/uploads\/2021\/05\/20210522_192252-1409x2048.jpg 1409w, https:\/\/lesghuidussenvadrouille.fr\/wp-content\/uploads\/2021\/05\/20210522_192252-scaled.jpg 1761w\" sizes=\"auto, (max-width: 206px) 100vw, 206px\" \/><\/a>\n\t\t\t<\/dt><\/dl><dl class='gallery-item'>\n\t\t\t<dt class='gallery-icon portrait'>\n\t\t\t\t<a href='https:\/\/lesghuidussenvadrouille.fr\/index.php\/2021\/05\/24\/albanie-macedoine-du-nord-et-bulgarie\/20210522_192442\/'><img loading=\"lazy\" decoding=\"async\" width=\"225\" height=\"300\" src=\"https:\/\/lesghuidussenvadrouille.fr\/wp-content\/uploads\/2021\/05\/20210522_192442-225x300.jpg\" class=\"attachment-medium size-medium\" alt=\"\" aria-describedby=\"gallery-6-3513\" srcset=\"https:\/\/lesghuidussenvadrouille.fr\/wp-content\/uploads\/2021\/05\/20210522_192442-225x300.jpg 225w, https:\/\/lesghuidussenvadrouille.fr\/wp-content\/uploads\/2021\/05\/20210522_192442-768x1024.jpg 768w, https:\/\/lesghuidussenvadrouille.fr\/wp-content\/uploads\/2021\/05\/20210522_192442-1151x1536.jpg 1151w, https:\/\/lesghuidussenvadrouille.fr\/wp-content\/uploads\/2021\/05\/20210522_192442-1535x2048.jpg 1535w, https:\/\/lesghuidussenvadrouille.fr\/wp-content\/uploads\/2021\/05\/20210522_192442.jpg 1698w\" sizes=\"auto, (max-width: 225px) 100vw, 225px\" \/><\/a>\n\t\t\t<\/dt>\n\t\t\t\t<dd class='wp-caption-text gallery-caption' id='gallery-6-3513'>\n\t\t\t\tune famille de canard et leur \u00ab\u00a0niche\u00a0\u00bb\n\t\t\t\t<\/dd><\/dl><dl class='gallery-item'>\n\t\t\t<dt class='gallery-icon portrait'>\n\t\t\t\t<a href='https:\/\/lesghuidussenvadrouille.fr\/index.php\/2021\/05\/24\/albanie-macedoine-du-nord-et-bulgarie\/20210522_192322\/'><img loading=\"lazy\" decoding=\"async\" width=\"225\" height=\"300\" src=\"https:\/\/lesghuidussenvadrouille.fr\/wp-content\/uploads\/2021\/05\/20210522_192322-225x300.jpg\" class=\"attachment-medium size-medium\" alt=\"\" srcset=\"https:\/\/lesghuidussenvadrouille.fr\/wp-content\/uploads\/2021\/05\/20210522_192322-225x300.jpg 225w, https:\/\/lesghuidussenvadrouille.fr\/wp-content\/uploads\/2021\/05\/20210522_192322-768x1024.jpg 768w, https:\/\/lesghuidussenvadrouille.fr\/wp-content\/uploads\/2021\/05\/20210522_192322-1152x1536.jpg 1152w, https:\/\/lesghuidussenvadrouille.fr\/wp-content\/uploads\/2021\/05\/20210522_192322-1536x2048.jpg 1536w, https:\/\/lesghuidussenvadrouille.fr\/wp-content\/uploads\/2021\/05\/20210522_192322-scaled.jpg 1920w\" sizes=\"auto, (max-width: 225px) 100vw, 225px\" \/><\/a>\n\t\t\t<\/dt><\/dl><br style=\"clear: both\" \/><dl class='gallery-item'>\n\t\t\t<dt class='gallery-icon portrait'>\n\t\t\t\t<a href='https:\/\/lesghuidussenvadrouille.fr\/index.php\/2021\/05\/24\/albanie-macedoine-du-nord-et-bulgarie\/20210522_192908\/'><img loading=\"lazy\" decoding=\"async\" width=\"225\" height=\"300\" src=\"https:\/\/lesghuidussenvadrouille.fr\/wp-content\/uploads\/2021\/05\/20210522_192908-225x300.jpg\" class=\"attachment-medium size-medium\" alt=\"\" srcset=\"https:\/\/lesghuidussenvadrouille.fr\/wp-content\/uploads\/2021\/05\/20210522_192908-225x300.jpg 225w, https:\/\/lesghuidussenvadrouille.fr\/wp-content\/uploads\/2021\/05\/20210522_192908-768x1024.jpg 768w, https:\/\/lesghuidussenvadrouille.fr\/wp-content\/uploads\/2021\/05\/20210522_192908-1152x1536.jpg 1152w, https:\/\/lesghuidussenvadrouille.fr\/wp-content\/uploads\/2021\/05\/20210522_192908-1536x2048.jpg 1536w, https:\/\/lesghuidussenvadrouille.fr\/wp-content\/uploads\/2021\/05\/20210522_192908-scaled.jpg 1920w\" sizes=\"auto, (max-width: 225px) 100vw, 225px\" \/><\/a>\n\t\t\t<\/dt><\/dl><dl class='gallery-item'>\n\t\t\t<dt class='gallery-icon portrait'>\n\t\t\t\t<a href='https:\/\/lesghuidussenvadrouille.fr\/index.php\/2021\/05\/24\/albanie-macedoine-du-nord-et-bulgarie\/20210522_192927\/'><img loading=\"lazy\" decoding=\"async\" width=\"225\" height=\"300\" src=\"https:\/\/lesghuidussenvadrouille.fr\/wp-content\/uploads\/2021\/05\/20210522_192927-225x300.jpg\" class=\"attachment-medium size-medium\" alt=\"\" aria-describedby=\"gallery-6-3522\" srcset=\"https:\/\/lesghuidussenvadrouille.fr\/wp-content\/uploads\/2021\/05\/20210522_192927-225x300.jpg 225w, https:\/\/lesghuidussenvadrouille.fr\/wp-content\/uploads\/2021\/05\/20210522_192927-768x1024.jpg 768w, https:\/\/lesghuidussenvadrouille.fr\/wp-content\/uploads\/2021\/05\/20210522_192927-1152x1536.jpg 1152w, https:\/\/lesghuidussenvadrouille.fr\/wp-content\/uploads\/2021\/05\/20210522_192927-1536x2048.jpg 1536w, https:\/\/lesghuidussenvadrouille.fr\/wp-content\/uploads\/2021\/05\/20210522_192927-scaled.jpg 1920w\" sizes=\"auto, (max-width: 225px) 100vw, 225px\" \/><\/a>\n\t\t\t<\/dt>\n\t\t\t\t<dd class='wp-caption-text gallery-caption' id='gallery-6-3522'>\n\t\t\t\tpetit bateau\n\t\t\t\t<\/dd><\/dl>\n\t\t\t<br style='clear: both' \/>\n\t\t<\/div>\n\n<h3><strong><span style=\"color: #000000;\">Sopkje:<\/span><\/strong><\/h3>\n<p><span style=\"color: #000000;\">La capitale ! Hyper facile de circuler dans celle-l\u00e0. Parking partout et gratuit.<\/span><\/p>\n<p><span style=\"color: #000000;\">C&rsquo;est impressionnant comme la Mac\u00e9doine vit avec l&rsquo;ancien quartier et le moderne. Un pont fait la diff\u00e9rence et elle est de taille.<\/span><\/p>\n<p><span style=\"color: #000000;\">L&rsquo;ancien ch\u00e2teau est en ruine mais les remparts tr\u00e8s bien conserv\u00e9s la vue est \u00e0 couper le souffle. Nous voyons les montagnes avec encore de la neige, l&rsquo;int\u00e9gration du stadium pour ne pas g\u00eaner ce spectacle. Une plong\u00e9e sur la cit\u00e9.<\/span><\/p>\n\n\t\t<style type=\"text\/css\">\n\t\t\t#gallery-7 {\n\t\t\t\tmargin: auto;\n\t\t\t}\n\t\t\t#gallery-7 .gallery-item {\n\t\t\t\tfloat: left;\n\t\t\t\tmargin-top: 10px;\n\t\t\t\ttext-align: center;\n\t\t\t\twidth: 33%;\n\t\t\t}\n\t\t\t#gallery-7 img {\n\t\t\t\tborder: 2px solid #cfcfcf;\n\t\t\t}\n\t\t\t#gallery-7 .gallery-caption {\n\t\t\t\tmargin-left: 0;\n\t\t\t}\n\t\t\t\/* see gallery_shortcode() in wp-includes\/media.php *\/\n\t\t<\/style>\n\t\t<div id='gallery-7' class='gallery galleryid-3480 gallery-columns-3 gallery-size-medium'><dl class='gallery-item'>\n\t\t\t<dt class='gallery-icon portrait'>\n\t\t\t\t<a href='https:\/\/lesghuidussenvadrouille.fr\/index.php\/2021\/05\/24\/albanie-macedoine-du-nord-et-bulgarie\/20210522_191215\/'><img loading=\"lazy\" decoding=\"async\" width=\"225\" height=\"300\" src=\"https:\/\/lesghuidussenvadrouille.fr\/wp-content\/uploads\/2021\/05\/20210522_191215-225x300.jpg\" class=\"attachment-medium size-medium\" alt=\"\" srcset=\"https:\/\/lesghuidussenvadrouille.fr\/wp-content\/uploads\/2021\/05\/20210522_191215-225x300.jpg 225w, https:\/\/lesghuidussenvadrouille.fr\/wp-content\/uploads\/2021\/05\/20210522_191215-768x1024.jpg 768w, https:\/\/lesghuidussenvadrouille.fr\/wp-content\/uploads\/2021\/05\/20210522_191215-1152x1536.jpg 1152w, https:\/\/lesghuidussenvadrouille.fr\/wp-content\/uploads\/2021\/05\/20210522_191215-1536x2048.jpg 1536w, https:\/\/lesghuidussenvadrouille.fr\/wp-content\/uploads\/2021\/05\/20210522_191215-scaled.jpg 1920w\" sizes=\"auto, (max-width: 225px) 100vw, 225px\" \/><\/a>\n\t\t\t<\/dt><\/dl><dl class='gallery-item'>\n\t\t\t<dt class='gallery-icon landscape'>\n\t\t\t\t<a href='https:\/\/lesghuidussenvadrouille.fr\/index.php\/2021\/05\/24\/albanie-macedoine-du-nord-et-bulgarie\/20210522_191245\/'><img loading=\"lazy\" decoding=\"async\" width=\"300\" height=\"225\" src=\"https:\/\/lesghuidussenvadrouille.fr\/wp-content\/uploads\/2021\/05\/20210522_191245-300x225.jpg\" class=\"attachment-medium size-medium\" alt=\"\" srcset=\"https:\/\/lesghuidussenvadrouille.fr\/wp-content\/uploads\/2021\/05\/20210522_191245-300x225.jpg 300w, https:\/\/lesghuidussenvadrouille.fr\/wp-content\/uploads\/2021\/05\/20210522_191245-1024x768.jpg 1024w, https:\/\/lesghuidussenvadrouille.fr\/wp-content\/uploads\/2021\/05\/20210522_191245-768x576.jpg 768w, https:\/\/lesghuidussenvadrouille.fr\/wp-content\/uploads\/2021\/05\/20210522_191245-1536x1152.jpg 1536w, https:\/\/lesghuidussenvadrouille.fr\/wp-content\/uploads\/2021\/05\/20210522_191245-2048x1536.jpg 2048w\" sizes=\"auto, (max-width: 300px) 100vw, 300px\" \/><\/a>\n\t\t\t<\/dt><\/dl><dl class='gallery-item'>\n\t\t\t<dt class='gallery-icon portrait'>\n\t\t\t\t<a href='https:\/\/lesghuidussenvadrouille.fr\/index.php\/2021\/05\/24\/albanie-macedoine-du-nord-et-bulgarie\/20210522_191200\/'><img loading=\"lazy\" decoding=\"async\" width=\"225\" height=\"300\" src=\"https:\/\/lesghuidussenvadrouille.fr\/wp-content\/uploads\/2021\/05\/20210522_191200-225x300.jpg\" class=\"attachment-medium size-medium\" alt=\"\" srcset=\"https:\/\/lesghuidussenvadrouille.fr\/wp-content\/uploads\/2021\/05\/20210522_191200-225x300.jpg 225w, https:\/\/lesghuidussenvadrouille.fr\/wp-content\/uploads\/2021\/05\/20210522_191200-768x1024.jpg 768w, https:\/\/lesghuidussenvadrouille.fr\/wp-content\/uploads\/2021\/05\/20210522_191200-1152x1536.jpg 1152w, https:\/\/lesghuidussenvadrouille.fr\/wp-content\/uploads\/2021\/05\/20210522_191200-1536x2048.jpg 1536w, https:\/\/lesghuidussenvadrouille.fr\/wp-content\/uploads\/2021\/05\/20210522_191200-scaled.jpg 1920w\" sizes=\"auto, (max-width: 225px) 100vw, 225px\" \/><\/a>\n\t\t\t<\/dt><\/dl><br style=\"clear: both\" \/><dl class='gallery-item'>\n\t\t\t<dt class='gallery-icon portrait'>\n\t\t\t\t<a href='https:\/\/lesghuidussenvadrouille.fr\/index.php\/2021\/05\/24\/albanie-macedoine-du-nord-et-bulgarie\/20210522_102021\/'><img loading=\"lazy\" decoding=\"async\" width=\"225\" height=\"300\" src=\"https:\/\/lesghuidussenvadrouille.fr\/wp-content\/uploads\/2021\/05\/20210522_102021-225x300.jpg\" class=\"attachment-medium size-medium\" alt=\"\" srcset=\"https:\/\/lesghuidussenvadrouille.fr\/wp-content\/uploads\/2021\/05\/20210522_102021-225x300.jpg 225w, https:\/\/lesghuidussenvadrouille.fr\/wp-content\/uploads\/2021\/05\/20210522_102021-768x1024.jpg 768w, https:\/\/lesghuidussenvadrouille.fr\/wp-content\/uploads\/2021\/05\/20210522_102021-1152x1536.jpg 1152w, https:\/\/lesghuidussenvadrouille.fr\/wp-content\/uploads\/2021\/05\/20210522_102021-1536x2048.jpg 1536w, https:\/\/lesghuidussenvadrouille.fr\/wp-content\/uploads\/2021\/05\/20210522_102021-scaled.jpg 1920w\" sizes=\"auto, (max-width: 225px) 100vw, 225px\" \/><\/a>\n\t\t\t<\/dt><\/dl>\n\t\t\t<br style='clear: both' \/>\n\t\t<\/div>\n\n<p><span style=\"color: #000000;\">Nous avons encore une fois les rues quasiment pour nous toutes seules. elles se rempliront des 11 h.<\/span><\/p>\n\n\t\t<style type=\"text\/css\">\n\t\t\t#gallery-8 {\n\t\t\t\tmargin: auto;\n\t\t\t}\n\t\t\t#gallery-8 .gallery-item {\n\t\t\t\tfloat: left;\n\t\t\t\tmargin-top: 10px;\n\t\t\t\ttext-align: center;\n\t\t\t\twidth: 33%;\n\t\t\t}\n\t\t\t#gallery-8 img {\n\t\t\t\tborder: 2px solid #cfcfcf;\n\t\t\t}\n\t\t\t#gallery-8 .gallery-caption {\n\t\t\t\tmargin-left: 0;\n\t\t\t}\n\t\t\t\/* see gallery_shortcode() in wp-includes\/media.php *\/\n\t\t<\/style>\n\t\t<div id='gallery-8' class='gallery galleryid-3480 gallery-columns-3 gallery-size-medium'><dl class='gallery-item'>\n\t\t\t<dt class='gallery-icon portrait'>\n\t\t\t\t<a href='https:\/\/lesghuidussenvadrouille.fr\/index.php\/2021\/05\/24\/albanie-macedoine-du-nord-et-bulgarie\/20210522_191116\/'><img loading=\"lazy\" decoding=\"async\" width=\"225\" height=\"300\" src=\"https:\/\/lesghuidussenvadrouille.fr\/wp-content\/uploads\/2021\/05\/20210522_191116-225x300.jpg\" class=\"attachment-medium size-medium\" alt=\"\" srcset=\"https:\/\/lesghuidussenvadrouille.fr\/wp-content\/uploads\/2021\/05\/20210522_191116-225x300.jpg 225w, https:\/\/lesghuidussenvadrouille.fr\/wp-content\/uploads\/2021\/05\/20210522_191116-768x1024.jpg 768w, https:\/\/lesghuidussenvadrouille.fr\/wp-content\/uploads\/2021\/05\/20210522_191116-1152x1536.jpg 1152w, https:\/\/lesghuidussenvadrouille.fr\/wp-content\/uploads\/2021\/05\/20210522_191116-1536x2048.jpg 1536w, https:\/\/lesghuidussenvadrouille.fr\/wp-content\/uploads\/2021\/05\/20210522_191116-scaled.jpg 1920w\" sizes=\"auto, (max-width: 225px) 100vw, 225px\" \/><\/a>\n\t\t\t<\/dt><\/dl><dl class='gallery-item'>\n\t\t\t<dt class='gallery-icon portrait'>\n\t\t\t\t<a href='https:\/\/lesghuidussenvadrouille.fr\/index.php\/2021\/05\/24\/albanie-macedoine-du-nord-et-bulgarie\/20210522_191410\/'><img loading=\"lazy\" decoding=\"async\" width=\"225\" height=\"300\" src=\"https:\/\/lesghuidussenvadrouille.fr\/wp-content\/uploads\/2021\/05\/20210522_191410-225x300.jpg\" class=\"attachment-medium size-medium\" alt=\"\" srcset=\"https:\/\/lesghuidussenvadrouille.fr\/wp-content\/uploads\/2021\/05\/20210522_191410-225x300.jpg 225w, https:\/\/lesghuidussenvadrouille.fr\/wp-content\/uploads\/2021\/05\/20210522_191410-768x1024.jpg 768w, https:\/\/lesghuidussenvadrouille.fr\/wp-content\/uploads\/2021\/05\/20210522_191410-1152x1536.jpg 1152w, https:\/\/lesghuidussenvadrouille.fr\/wp-content\/uploads\/2021\/05\/20210522_191410-1536x2048.jpg 1536w, https:\/\/lesghuidussenvadrouille.fr\/wp-content\/uploads\/2021\/05\/20210522_191410-scaled.jpg 1920w\" sizes=\"auto, (max-width: 225px) 100vw, 225px\" \/><\/a>\n\t\t\t<\/dt><\/dl><dl class='gallery-item'>\n\t\t\t<dt class='gallery-icon portrait'>\n\t\t\t\t<a href='https:\/\/lesghuidussenvadrouille.fr\/index.php\/2021\/05\/24\/albanie-macedoine-du-nord-et-bulgarie\/20210522_191515\/'><img loading=\"lazy\" decoding=\"async\" width=\"234\" height=\"300\" src=\"https:\/\/lesghuidussenvadrouille.fr\/wp-content\/uploads\/2021\/05\/20210522_191515-234x300.jpg\" class=\"attachment-medium size-medium\" alt=\"\" srcset=\"https:\/\/lesghuidussenvadrouille.fr\/wp-content\/uploads\/2021\/05\/20210522_191515-234x300.jpg 234w, https:\/\/lesghuidussenvadrouille.fr\/wp-content\/uploads\/2021\/05\/20210522_191515-800x1024.jpg 800w, https:\/\/lesghuidussenvadrouille.fr\/wp-content\/uploads\/2021\/05\/20210522_191515-768x983.jpg 768w, https:\/\/lesghuidussenvadrouille.fr\/wp-content\/uploads\/2021\/05\/20210522_191515-1200x1536.jpg 1200w, https:\/\/lesghuidussenvadrouille.fr\/wp-content\/uploads\/2021\/05\/20210522_191515.jpg 1388w\" sizes=\"auto, (max-width: 234px) 100vw, 234px\" \/><\/a>\n\t\t\t<\/dt><\/dl><br style=\"clear: both\" \/><dl class='gallery-item'>\n\t\t\t<dt class='gallery-icon portrait'>\n\t\t\t\t<a href='https:\/\/lesghuidussenvadrouille.fr\/index.php\/2021\/05\/24\/albanie-macedoine-du-nord-et-bulgarie\/20210522_191341\/'><img loading=\"lazy\" decoding=\"async\" width=\"158\" height=\"300\" src=\"https:\/\/lesghuidussenvadrouille.fr\/wp-content\/uploads\/2021\/05\/20210522_191341-158x300.jpg\" class=\"attachment-medium size-medium\" alt=\"\" srcset=\"https:\/\/lesghuidussenvadrouille.fr\/wp-content\/uploads\/2021\/05\/20210522_191341-158x300.jpg 158w, https:\/\/lesghuidussenvadrouille.fr\/wp-content\/uploads\/2021\/05\/20210522_191341-539x1024.jpg 539w, https:\/\/lesghuidussenvadrouille.fr\/wp-content\/uploads\/2021\/05\/20210522_191341-768x1459.jpg 768w, https:\/\/lesghuidussenvadrouille.fr\/wp-content\/uploads\/2021\/05\/20210522_191341-809x1536.jpg 809w, https:\/\/lesghuidussenvadrouille.fr\/wp-content\/uploads\/2021\/05\/20210522_191341-1078x2048.jpg 1078w, https:\/\/lesghuidussenvadrouille.fr\/wp-content\/uploads\/2021\/05\/20210522_191341-scaled.jpg 1348w\" sizes=\"auto, (max-width: 158px) 100vw, 158px\" \/><\/a>\n\t\t\t<\/dt><\/dl>\n\t\t\t<br style='clear: both' \/>\n\t\t<\/div>\n\n<p><span style=\"color: #000000;\">Nous passons le pont, et nous sommes contents de porter des masques. Pas pour la Covid 19, non non juste pour \u00e9viter d&rsquo;avaler la nu\u00e9e de gros moustiques qui sont sur le pont.<\/span><\/p>\n<p><span style=\"color: #000000;\">L&rsquo;ambiance est compl\u00e8tement diff\u00e9rente, buildings, gros \u00e9crans qui d\u00e9bitent des pubs tr\u00e8s flashis et music \u00e0 fond.<\/span><\/p>\n<p><span style=\"color: #000000;\">Les statues grandioses \u2026gigantesques surtout !<\/span><\/p>\n\n\t\t<style type=\"text\/css\">\n\t\t\t#gallery-9 {\n\t\t\t\tmargin: auto;\n\t\t\t}\n\t\t\t#gallery-9 .gallery-item {\n\t\t\t\tfloat: left;\n\t\t\t\tmargin-top: 10px;\n\t\t\t\ttext-align: center;\n\t\t\t\twidth: 33%;\n\t\t\t}\n\t\t\t#gallery-9 img {\n\t\t\t\tborder: 2px solid #cfcfcf;\n\t\t\t}\n\t\t\t#gallery-9 .gallery-caption {\n\t\t\t\tmargin-left: 0;\n\t\t\t}\n\t\t\t\/* see gallery_shortcode() in wp-includes\/media.php *\/\n\t\t<\/style>\n\t\t<div id='gallery-9' class='gallery galleryid-3480 gallery-columns-3 gallery-size-medium'><dl class='gallery-item'>\n\t\t\t<dt class='gallery-icon portrait'>\n\t\t\t\t<a href='https:\/\/lesghuidussenvadrouille.fr\/index.php\/2021\/05\/24\/albanie-macedoine-du-nord-et-bulgarie\/20210522_191143\/'><img loading=\"lazy\" decoding=\"async\" width=\"225\" height=\"300\" src=\"https:\/\/lesghuidussenvadrouille.fr\/wp-content\/uploads\/2021\/05\/20210522_191143-225x300.jpg\" class=\"attachment-medium size-medium\" alt=\"\" aria-describedby=\"gallery-9-3533\" srcset=\"https:\/\/lesghuidussenvadrouille.fr\/wp-content\/uploads\/2021\/05\/20210522_191143-225x300.jpg 225w, https:\/\/lesghuidussenvadrouille.fr\/wp-content\/uploads\/2021\/05\/20210522_191143-768x1024.jpg 768w, https:\/\/lesghuidussenvadrouille.fr\/wp-content\/uploads\/2021\/05\/20210522_191143-1152x1536.jpg 1152w, https:\/\/lesghuidussenvadrouille.fr\/wp-content\/uploads\/2021\/05\/20210522_191143-1536x2048.jpg 1536w, https:\/\/lesghuidussenvadrouille.fr\/wp-content\/uploads\/2021\/05\/20210522_191143-scaled.jpg 1920w\" sizes=\"auto, (max-width: 225px) 100vw, 225px\" \/><\/a>\n\t\t\t<\/dt>\n\t\t\t\t<dd class='wp-caption-text gallery-caption' id='gallery-9-3533'>\n\t\t\t\tle pont , les buldings\n\t\t\t\t<\/dd><\/dl><dl class='gallery-item'>\n\t\t\t<dt class='gallery-icon portrait'>\n\t\t\t\t<a href='https:\/\/lesghuidussenvadrouille.fr\/index.php\/2021\/05\/24\/albanie-macedoine-du-nord-et-bulgarie\/20210522_190859\/'><img loading=\"lazy\" decoding=\"async\" width=\"225\" height=\"300\" src=\"https:\/\/lesghuidussenvadrouille.fr\/wp-content\/uploads\/2021\/05\/20210522_190859-225x300.jpg\" class=\"attachment-medium size-medium\" alt=\"\" aria-describedby=\"gallery-9-3534\" srcset=\"https:\/\/lesghuidussenvadrouille.fr\/wp-content\/uploads\/2021\/05\/20210522_190859-225x300.jpg 225w, https:\/\/lesghuidussenvadrouille.fr\/wp-content\/uploads\/2021\/05\/20210522_190859-768x1024.jpg 768w, https:\/\/lesghuidussenvadrouille.fr\/wp-content\/uploads\/2021\/05\/20210522_190859-1152x1536.jpg 1152w, https:\/\/lesghuidussenvadrouille.fr\/wp-content\/uploads\/2021\/05\/20210522_190859.jpg 1162w\" sizes=\"auto, (max-width: 225px) 100vw, 225px\" \/><\/a>\n\t\t\t<\/dt>\n\t\t\t\t<dd class='wp-caption-text gallery-caption' id='gallery-9-3534'>\n\t\t\t\tun des lion du pont\n\t\t\t\t<\/dd><\/dl><dl class='gallery-item'>\n\t\t\t<dt class='gallery-icon portrait'>\n\t\t\t\t<a href='https:\/\/lesghuidussenvadrouille.fr\/index.php\/2021\/05\/24\/albanie-macedoine-du-nord-et-bulgarie\/20210522_190932\/'><img loading=\"lazy\" decoding=\"async\" width=\"225\" height=\"300\" src=\"https:\/\/lesghuidussenvadrouille.fr\/wp-content\/uploads\/2021\/05\/20210522_190932-225x300.jpg\" class=\"attachment-medium size-medium\" alt=\"\" aria-describedby=\"gallery-9-3535\" srcset=\"https:\/\/lesghuidussenvadrouille.fr\/wp-content\/uploads\/2021\/05\/20210522_190932-225x300.jpg 225w, https:\/\/lesghuidussenvadrouille.fr\/wp-content\/uploads\/2021\/05\/20210522_190932-768x1024.jpg 768w, https:\/\/lesghuidussenvadrouille.fr\/wp-content\/uploads\/2021\/05\/20210522_190932-1152x1536.jpg 1152w, https:\/\/lesghuidussenvadrouille.fr\/wp-content\/uploads\/2021\/05\/20210522_190932-1536x2048.jpg 1536w, https:\/\/lesghuidussenvadrouille.fr\/wp-content\/uploads\/2021\/05\/20210522_190932-scaled.jpg 1920w\" sizes=\"auto, (max-width: 225px) 100vw, 225px\" \/><\/a>\n\t\t\t<\/dt>\n\t\t\t\t<dd class='wp-caption-text gallery-caption' id='gallery-9-3535'>\n\t\t\t\tune femme qui plonge: amusant\n\t\t\t\t<\/dd><\/dl><br style=\"clear: both\" \/><dl class='gallery-item'>\n\t\t\t<dt class='gallery-icon portrait'>\n\t\t\t\t<a href='https:\/\/lesghuidussenvadrouille.fr\/index.php\/2021\/05\/24\/albanie-macedoine-du-nord-et-bulgarie\/20210522_191019\/'><img loading=\"lazy\" decoding=\"async\" width=\"225\" height=\"300\" src=\"https:\/\/lesghuidussenvadrouille.fr\/wp-content\/uploads\/2021\/05\/20210522_191019-225x300.jpg\" class=\"attachment-medium size-medium\" alt=\"\" aria-describedby=\"gallery-9-3536\" srcset=\"https:\/\/lesghuidussenvadrouille.fr\/wp-content\/uploads\/2021\/05\/20210522_191019-225x300.jpg 225w, https:\/\/lesghuidussenvadrouille.fr\/wp-content\/uploads\/2021\/05\/20210522_191019-768x1024.jpg 768w, https:\/\/lesghuidussenvadrouille.fr\/wp-content\/uploads\/2021\/05\/20210522_191019-1152x1536.jpg 1152w, https:\/\/lesghuidussenvadrouille.fr\/wp-content\/uploads\/2021\/05\/20210522_191019-1536x2048.jpg 1536w, https:\/\/lesghuidussenvadrouille.fr\/wp-content\/uploads\/2021\/05\/20210522_191019-scaled.jpg 1920w\" sizes=\"auto, (max-width: 225px) 100vw, 225px\" \/><\/a>\n\t\t\t<\/dt>\n\t\t\t\t<dd class='wp-caption-text gallery-caption' id='gallery-9-3536'>\n\t\t\t\tAlexandre le Grand\n\t\t\t\t<\/dd><\/dl><dl class='gallery-item'>\n\t\t\t<dt class='gallery-icon portrait'>\n\t\t\t\t<a href='https:\/\/lesghuidussenvadrouille.fr\/index.php\/2021\/05\/24\/albanie-macedoine-du-nord-et-bulgarie\/20210522_191039\/'><img loading=\"lazy\" decoding=\"async\" width=\"225\" height=\"300\" src=\"https:\/\/lesghuidussenvadrouille.fr\/wp-content\/uploads\/2021\/05\/20210522_191039-225x300.jpg\" class=\"attachment-medium size-medium\" alt=\"\" aria-describedby=\"gallery-9-3537\" srcset=\"https:\/\/lesghuidussenvadrouille.fr\/wp-content\/uploads\/2021\/05\/20210522_191039-225x300.jpg 225w, https:\/\/lesghuidussenvadrouille.fr\/wp-content\/uploads\/2021\/05\/20210522_191039-768x1024.jpg 768w, https:\/\/lesghuidussenvadrouille.fr\/wp-content\/uploads\/2021\/05\/20210522_191039-1152x1536.jpg 1152w, https:\/\/lesghuidussenvadrouille.fr\/wp-content\/uploads\/2021\/05\/20210522_191039-1536x2048.jpg 1536w, https:\/\/lesghuidussenvadrouille.fr\/wp-content\/uploads\/2021\/05\/20210522_191039-scaled.jpg 1920w\" sizes=\"auto, (max-width: 225px) 100vw, 225px\" \/><\/a>\n\t\t\t<\/dt>\n\t\t\t\t<dd class='wp-caption-text gallery-caption' id='gallery-9-3537'>\n\t\t\t\tPhilipe 2 de Macedoine\n\t\t\t\t<\/dd><\/dl>\n\t\t\t<br style='clear: both' \/>\n\t\t<\/div>\n\n<p><span style=\"color: #000000;\">Etant donn\u00e9 que nous sommes le 22 mai, c&rsquo;est mon anniversaire et j&rsquo;ai 43 ans. Du coup petit resto&#8230;Turc \u00e9videment. Flute pas de bougies ni de photos&#8230;oups.<\/span><\/p>\n<p><span style=\"color: #000000;\">Le plus dr\u00f4le ou pas, ca d\u00e9pend comment on le prend. \u00a7nous avons mis 3 h pour identifier un endroit dans cette capitale ou faire nos tests PCR.\u00a0<\/span><\/p>\n<ul>\n<li><span style=\"color: #000000;\">2 pharmacies<\/span><\/li>\n<li><span style=\"color: #000000;\">l&rsquo;h\u00f4pital central<\/span><\/li>\n<li><span style=\"color: #000000;\">1 policier qui a appel\u00e9 son sup\u00e9rieur et nous a montr\u00e9 sur la carte ou c&rsquo;\u00e9tait.<\/span><\/li>\n<\/ul>\n<p><span style=\"color: #000000;\">Nous avons finit par y arriver (on c&rsquo;est quand m\u00eame tromp\u00e9 d&rsquo;h\u00f4pital et on est arriv\u00e9 \u00e0 l&rsquo;h\u00f4pital militaire).<\/span><\/p>\n<p><span style=\"color: #000000;\">Allez on rentre le ventre, on respire un bon coup ah et on ouvre aussi la bouche.<\/span><\/p>\n<p><img loading=\"lazy\" decoding=\"async\" class=\"alignnone size-medium wp-image-3538\" src=\"https:\/\/lesghuidussenvadrouille.fr\/wp-content\/uploads\/2021\/05\/20210522_190833-229x300.jpg\" alt=\"\" width=\"229\" height=\"300\" srcset=\"https:\/\/lesghuidussenvadrouille.fr\/wp-content\/uploads\/2021\/05\/20210522_190833-229x300.jpg 229w, https:\/\/lesghuidussenvadrouille.fr\/wp-content\/uploads\/2021\/05\/20210522_190833-780x1024.jpg 780w, https:\/\/lesghuidussenvadrouille.fr\/wp-content\/uploads\/2021\/05\/20210522_190833-768x1008.jpg 768w, https:\/\/lesghuidussenvadrouille.fr\/wp-content\/uploads\/2021\/05\/20210522_190833-1170x1536.jpg 1170w, https:\/\/lesghuidussenvadrouille.fr\/wp-content\/uploads\/2021\/05\/20210522_190833-1560x2048.jpg 1560w, https:\/\/lesghuidussenvadrouille.fr\/wp-content\/uploads\/2021\/05\/20210522_190833-scaled.jpg 1950w\" sizes=\"auto, (max-width: 229px) 100vw, 229px\" \/><\/p>\n<p><span style=\"color: #000000;\">Nous les r\u00e9cup\u00e9rons le lendemain tous n\u00e9gatifs. C&rsquo;est aussi stressant qu&rsquo;un passage en douane.<\/span><\/p>\n<h3><strong><span style=\"color: #000000;\">Les demoiselles coiff\u00e9es :<\/span><\/strong><\/h3>\n<p><span style=\"color: #000000;\">Nous n&rsquo;aurons pass\u00e9 que 5 jours en Mac\u00e9doine du Nord. Un petit pays qui gagne \u00e0 \u00eatre connu.<\/span><\/p>\n<p><span style=\"color: #000000;\">Pour finir nous passons par ce site, les demoiselles coiff\u00e9es comme chez nous ou chemin\u00e9es de feu.\u00a0<\/span><\/p>\n<p><span style=\"color: #000000;\">Encore une fois nous nous rendons compte que nous sommes petits par rapport \u00e0 la nature. Que c&rsquo;est cette derni\u00e8re qui \u00e0 le dernier mot.<\/span><\/p>\n<p><span style=\"color: #000000;\">Mon cerveau d&rsquo;humain a du mal \u00e0 comprendre comment une \u00e9ruption volcanique vieille de 10 000 ans peut g\u00e9n\u00e9rer une beaut\u00e9 pareil.<\/span><\/p>\n\n\t\t<style type=\"text\/css\">\n\t\t\t#gallery-10 {\n\t\t\t\tmargin: auto;\n\t\t\t}\n\t\t\t#gallery-10 .gallery-item {\n\t\t\t\tfloat: left;\n\t\t\t\tmargin-top: 10px;\n\t\t\t\ttext-align: center;\n\t\t\t\twidth: 33%;\n\t\t\t}\n\t\t\t#gallery-10 img {\n\t\t\t\tborder: 2px solid #cfcfcf;\n\t\t\t}\n\t\t\t#gallery-10 .gallery-caption {\n\t\t\t\tmargin-left: 0;\n\t\t\t}\n\t\t\t\/* see gallery_shortcode() in wp-includes\/media.php *\/\n\t\t<\/style>\n\t\t<div id='gallery-10' class='gallery galleryid-3480 gallery-columns-3 gallery-size-medium'><dl class='gallery-item'>\n\t\t\t<dt class='gallery-icon portrait'>\n\t\t\t\t<a href='https:\/\/lesghuidussenvadrouille.fr\/index.php\/2021\/05\/24\/albanie-macedoine-du-nord-et-bulgarie\/20210523_113321\/'><img loading=\"lazy\" decoding=\"async\" width=\"225\" height=\"300\" src=\"https:\/\/lesghuidussenvadrouille.fr\/wp-content\/uploads\/2021\/05\/20210523_113321-225x300.jpg\" class=\"attachment-medium size-medium\" alt=\"\" srcset=\"https:\/\/lesghuidussenvadrouille.fr\/wp-content\/uploads\/2021\/05\/20210523_113321-225x300.jpg 225w, https:\/\/lesghuidussenvadrouille.fr\/wp-content\/uploads\/2021\/05\/20210523_113321-768x1024.jpg 768w, https:\/\/lesghuidussenvadrouille.fr\/wp-content\/uploads\/2021\/05\/20210523_113321-1152x1536.jpg 1152w, https:\/\/lesghuidussenvadrouille.fr\/wp-content\/uploads\/2021\/05\/20210523_113321-1536x2048.jpg 1536w, https:\/\/lesghuidussenvadrouille.fr\/wp-content\/uploads\/2021\/05\/20210523_113321-scaled.jpg 1920w\" sizes=\"auto, (max-width: 225px) 100vw, 225px\" \/><\/a>\n\t\t\t<\/dt><\/dl><dl class='gallery-item'>\n\t\t\t<dt class='gallery-icon portrait'>\n\t\t\t\t<a href='https:\/\/lesghuidussenvadrouille.fr\/index.php\/2021\/05\/24\/albanie-macedoine-du-nord-et-bulgarie\/20210523_140729\/'><img loading=\"lazy\" decoding=\"async\" width=\"225\" height=\"300\" src=\"https:\/\/lesghuidussenvadrouille.fr\/wp-content\/uploads\/2021\/05\/20210523_140729-225x300.jpg\" class=\"attachment-medium size-medium\" alt=\"\" srcset=\"https:\/\/lesghuidussenvadrouille.fr\/wp-content\/uploads\/2021\/05\/20210523_140729-225x300.jpg 225w, https:\/\/lesghuidussenvadrouille.fr\/wp-content\/uploads\/2021\/05\/20210523_140729-768x1024.jpg 768w, https:\/\/lesghuidussenvadrouille.fr\/wp-content\/uploads\/2021\/05\/20210523_140729-1152x1536.jpg 1152w, https:\/\/lesghuidussenvadrouille.fr\/wp-content\/uploads\/2021\/05\/20210523_140729-1536x2048.jpg 1536w, https:\/\/lesghuidussenvadrouille.fr\/wp-content\/uploads\/2021\/05\/20210523_140729-scaled.jpg 1920w\" sizes=\"auto, (max-width: 225px) 100vw, 225px\" \/><\/a>\n\t\t\t<\/dt><\/dl><dl class='gallery-item'>\n\t\t\t<dt class='gallery-icon portrait'>\n\t\t\t\t<a href='https:\/\/lesghuidussenvadrouille.fr\/index.php\/2021\/05\/24\/albanie-macedoine-du-nord-et-bulgarie\/20210523_140811\/'><img loading=\"lazy\" decoding=\"async\" width=\"225\" height=\"300\" src=\"https:\/\/lesghuidussenvadrouille.fr\/wp-content\/uploads\/2021\/05\/20210523_140811-225x300.jpg\" class=\"attachment-medium size-medium\" alt=\"\" srcset=\"https:\/\/lesghuidussenvadrouille.fr\/wp-content\/uploads\/2021\/05\/20210523_140811-225x300.jpg 225w, https:\/\/lesghuidussenvadrouille.fr\/wp-content\/uploads\/2021\/05\/20210523_140811-768x1024.jpg 768w, https:\/\/lesghuidussenvadrouille.fr\/wp-content\/uploads\/2021\/05\/20210523_140811-1152x1536.jpg 1152w, https:\/\/lesghuidussenvadrouille.fr\/wp-content\/uploads\/2021\/05\/20210523_140811-1536x2048.jpg 1536w, https:\/\/lesghuidussenvadrouille.fr\/wp-content\/uploads\/2021\/05\/20210523_140811-scaled.jpg 1920w\" sizes=\"auto, (max-width: 225px) 100vw, 225px\" \/><\/a>\n\t\t\t<\/dt><\/dl><br style=\"clear: both\" \/><dl class='gallery-item'>\n\t\t\t<dt class='gallery-icon portrait'>\n\t\t\t\t<a href='https:\/\/lesghuidussenvadrouille.fr\/index.php\/2021\/05\/24\/albanie-macedoine-du-nord-et-bulgarie\/20210523_140825\/'><img loading=\"lazy\" decoding=\"async\" width=\"225\" height=\"300\" src=\"https:\/\/lesghuidussenvadrouille.fr\/wp-content\/uploads\/2021\/05\/20210523_140825-225x300.jpg\" class=\"attachment-medium size-medium\" alt=\"\" srcset=\"https:\/\/lesghuidussenvadrouille.fr\/wp-content\/uploads\/2021\/05\/20210523_140825-225x300.jpg 225w, https:\/\/lesghuidussenvadrouille.fr\/wp-content\/uploads\/2021\/05\/20210523_140825-768x1024.jpg 768w, https:\/\/lesghuidussenvadrouille.fr\/wp-content\/uploads\/2021\/05\/20210523_140825-1152x1536.jpg 1152w, https:\/\/lesghuidussenvadrouille.fr\/wp-content\/uploads\/2021\/05\/20210523_140825-1536x2048.jpg 1536w, https:\/\/lesghuidussenvadrouille.fr\/wp-content\/uploads\/2021\/05\/20210523_140825-scaled.jpg 1920w\" sizes=\"auto, (max-width: 225px) 100vw, 225px\" \/><\/a>\n\t\t\t<\/dt><\/dl>\n\t\t\t<br style='clear: both' \/>\n\t\t<\/div>\n\n<p><span style=\"color: #000000;\">Nous quittons ce pays car la Roumanie nous y attend. Mais nous ne regrettons pas notre incursion car les gens sont souriants, simples et relax.<\/span><\/p>\n<p><span style=\"color: #000000;\">Nous croissons ce dr\u00f4le de v\u00e9hicule:<\/span><\/p>\n<p><img loading=\"lazy\" decoding=\"async\" class=\"alignnone size-medium wp-image-3543\" src=\"https:\/\/lesghuidussenvadrouille.fr\/wp-content\/uploads\/2021\/05\/20210519_175416-225x300.jpg\" alt=\"\" width=\"225\" height=\"300\" srcset=\"https:\/\/lesghuidussenvadrouille.fr\/wp-content\/uploads\/2021\/05\/20210519_175416-225x300.jpg 225w, https:\/\/lesghuidussenvadrouille.fr\/wp-content\/uploads\/2021\/05\/20210519_175416-768x1024.jpg 768w, https:\/\/lesghuidussenvadrouille.fr\/wp-content\/uploads\/2021\/05\/20210519_175416-1152x1536.jpg 1152w, https:\/\/lesghuidussenvadrouille.fr\/wp-content\/uploads\/2021\/05\/20210519_175416.jpg 1212w\" sizes=\"auto, (max-width: 225px) 100vw, 225px\" \/><\/p>\n<p><span style=\"color: #000000;\">La fronti\u00e8re mac\u00e9donienne a \u00e9t\u00e9 facile mais la Bulgarie.<\/span><\/p>\n<h2 style=\"text-align: center;\"><strong><span style=\"color: #000000;\">Bulgarie :<\/span><\/strong><\/h2>\n<p><span style=\"color: #000000;\">Alors comment dire, un long moment en attente \u00e0 la fronti\u00e8re, une l\u00e9g\u00e8re fouille.<\/span><\/p>\n<p><span style=\"color: #000000;\">Le probl\u00e8me survient, quand nous achetons notre vignette : nous sommes un v\u00e9hicule de plus de 3.5 T donc nous n&rsquo;avons pas le droit de circuler librement, m\u00eame en \u00e9tant un camping car de plus de 3.5 T.<\/span><\/p>\n<p><span style=\"color: #000000;\">Donc on doit choisir un itin\u00e9raire et s&rsquo;y coller.<\/span><\/p>\n<p><span style=\"color: #000000;\">Super vu que nous ne savons pas encore ou l&rsquo;on sortira pour rejoindre la Roumanie ( on ne sait toujours pas si nous devons y faire une quarantaine et ou!,)<\/span><\/p>\n<p><span style=\"color: #000000;\">En conclusion, premi\u00e8re vignette 24h pour rejoindre Sophia et par l\u00e0 non par l\u00e0-bas.<\/span><\/p>\n<p><span style=\"color: #000000;\">On sort quand m\u00eame de l&rsquo;itin\u00e9raire car on ne dormira pas sur la route.<\/span><\/p>\n<p><span style=\"color: #000000;\">Ok on n&rsquo;a pas choisi l&rsquo;endroit le plus simple.<\/span><\/p>\n\n\t\t<style type=\"text\/css\">\n\t\t\t#gallery-11 {\n\t\t\t\tmargin: auto;\n\t\t\t}\n\t\t\t#gallery-11 .gallery-item {\n\t\t\t\tfloat: left;\n\t\t\t\tmargin-top: 10px;\n\t\t\t\ttext-align: center;\n\t\t\t\twidth: 33%;\n\t\t\t}\n\t\t\t#gallery-11 img {\n\t\t\t\tborder: 2px solid #cfcfcf;\n\t\t\t}\n\t\t\t#gallery-11 .gallery-caption {\n\t\t\t\tmargin-left: 0;\n\t\t\t}\n\t\t\t\/* see gallery_shortcode() in wp-includes\/media.php *\/\n\t\t<\/style>\n\t\t<div id='gallery-11' class='gallery galleryid-3480 gallery-columns-3 gallery-size-medium'><dl class='gallery-item'>\n\t\t\t<dt class='gallery-icon portrait'>\n\t\t\t\t<a href='https:\/\/lesghuidussenvadrouille.fr\/index.php\/2021\/05\/24\/albanie-macedoine-du-nord-et-bulgarie\/20210523_173944\/'><img loading=\"lazy\" decoding=\"async\" width=\"225\" height=\"300\" src=\"https:\/\/lesghuidussenvadrouille.fr\/wp-content\/uploads\/2021\/05\/20210523_173944-225x300.jpg\" class=\"attachment-medium size-medium\" alt=\"\" srcset=\"https:\/\/lesghuidussenvadrouille.fr\/wp-content\/uploads\/2021\/05\/20210523_173944-225x300.jpg 225w, https:\/\/lesghuidussenvadrouille.fr\/wp-content\/uploads\/2021\/05\/20210523_173944-768x1024.jpg 768w, https:\/\/lesghuidussenvadrouille.fr\/wp-content\/uploads\/2021\/05\/20210523_173944-1152x1536.jpg 1152w, https:\/\/lesghuidussenvadrouille.fr\/wp-content\/uploads\/2021\/05\/20210523_173944-1536x2048.jpg 1536w, https:\/\/lesghuidussenvadrouille.fr\/wp-content\/uploads\/2021\/05\/20210523_173944-scaled.jpg 1920w\" sizes=\"auto, (max-width: 225px) 100vw, 225px\" \/><\/a>\n\t\t\t<\/dt><\/dl><dl class='gallery-item'>\n\t\t\t<dt class='gallery-icon portrait'>\n\t\t\t\t<a href='https:\/\/lesghuidussenvadrouille.fr\/index.php\/2021\/05\/24\/albanie-macedoine-du-nord-et-bulgarie\/20210523_174807\/'><img loading=\"lazy\" decoding=\"async\" width=\"225\" height=\"300\" src=\"https:\/\/lesghuidussenvadrouille.fr\/wp-content\/uploads\/2021\/05\/20210523_174807-225x300.jpg\" class=\"attachment-medium size-medium\" alt=\"\" srcset=\"https:\/\/lesghuidussenvadrouille.fr\/wp-content\/uploads\/2021\/05\/20210523_174807-225x300.jpg 225w, https:\/\/lesghuidussenvadrouille.fr\/wp-content\/uploads\/2021\/05\/20210523_174807-768x1024.jpg 768w, https:\/\/lesghuidussenvadrouille.fr\/wp-content\/uploads\/2021\/05\/20210523_174807-1152x1536.jpg 1152w, https:\/\/lesghuidussenvadrouille.fr\/wp-content\/uploads\/2021\/05\/20210523_174807-1536x2048.jpg 1536w, https:\/\/lesghuidussenvadrouille.fr\/wp-content\/uploads\/2021\/05\/20210523_174807-scaled.jpg 1920w\" sizes=\"auto, (max-width: 225px) 100vw, 225px\" \/><\/a>\n\t\t\t<\/dt><\/dl>\n\t\t\t<br style='clear: both' \/>\n\t\t<\/div>\n\n<p><span style=\"color: #000000;\">Le lendemain nous ne visitons m\u00eame pas Sophia, vraiment nous ne sommes pas \u00e0 l&rsquo;aise avec ce pays.<\/span><\/p>\n<p><span style=\"color: #000000;\">Nous avons toujours des informations contradictoires pour l&rsquo;entr\u00e9e en Roumanie donc on fait un plein de courses pour 14 j.<\/span><\/p>\n<p><span style=\"color: #000000;\">Chasse \u00e0 la nouvelle vignette car nous n&rsquo;avons rien compris la veille \u00e0 part qu&rsquo;\u00e0 17 h celle-ci ne sera plus bonne et nous devons pas sortir de la p\u00e9riph\u00e9rie de la capitale sans.<\/span><\/p>\n<p><span style=\"color: #000000;\">Nous avons la chance d&rsquo;avoir des informations pour la Roumanie, a priori nous sommes pass\u00e9s par des pays verts donc nous pourrions rentrer sans quarantaine et nous avons trouv\u00e9 plusieurs personnes pr\u00eates \u00e0 nous loger&#8230;<\/span><\/p>\n<p><span style=\"color: #000000;\">Donc on c&rsquo;est ou sortir, ouf,\u00a0<\/span><\/p>\n<p><img loading=\"lazy\" decoding=\"async\" class=\"alignnone size-medium wp-image-3548\" src=\"https:\/\/lesghuidussenvadrouille.fr\/wp-content\/uploads\/2021\/05\/20210524_210841-225x300.jpg\" alt=\"\" width=\"225\" height=\"300\" srcset=\"https:\/\/lesghuidussenvadrouille.fr\/wp-content\/uploads\/2021\/05\/20210524_210841-225x300.jpg 225w, https:\/\/lesghuidussenvadrouille.fr\/wp-content\/uploads\/2021\/05\/20210524_210841-768x1024.jpg 768w, https:\/\/lesghuidussenvadrouille.fr\/wp-content\/uploads\/2021\/05\/20210524_210841-1152x1536.jpg 1152w, https:\/\/lesghuidussenvadrouille.fr\/wp-content\/uploads\/2021\/05\/20210524_210841-1536x2048.jpg 1536w, https:\/\/lesghuidussenvadrouille.fr\/wp-content\/uploads\/2021\/05\/20210524_210841-scaled.jpg 1920w\" sizes=\"auto, (max-width: 225px) 100vw, 225px\" \/><\/p>\n<p><span style=\"color: #000000;\">L\u00e0 on est peinard.<\/span><\/p>\n<p><span style=\"color: #000000;\">Mince ce matin impossible d\u00e9marrer, alors que j&rsquo;avais oubli\u00e9 de mettre le r\u00e9veil. Nous voulions \u00eatre larges au cas ou quarantaine\u2026<\/span><\/p>\n<p><span style=\"color: #000000;\">La panne est r\u00e9par\u00e9e en 26 minutes (moi je fais rien en attendant donc je chronom\u00e8tre)<\/span><\/p>\n<p><span style=\"color: #000000;\">C&rsquo;\u00e9tait l&rsquo;usure de l<\/span><span style=\"color: #000000;\">a durite, d\u00e9pression d&rsquo;air de la pompe \u00e0 injection. Mr \u00e9tant tr\u00e8s prudent avait de quoi la changer.<\/span><\/p>\n\n\t\t<style type=\"text\/css\">\n\t\t\t#gallery-12 {\n\t\t\t\tmargin: auto;\n\t\t\t}\n\t\t\t#gallery-12 .gallery-item {\n\t\t\t\tfloat: left;\n\t\t\t\tmargin-top: 10px;\n\t\t\t\ttext-align: center;\n\t\t\t\twidth: 33%;\n\t\t\t}\n\t\t\t#gallery-12 img {\n\t\t\t\tborder: 2px solid #cfcfcf;\n\t\t\t}\n\t\t\t#gallery-12 .gallery-caption {\n\t\t\t\tmargin-left: 0;\n\t\t\t}\n\t\t\t\/* see gallery_shortcode() in wp-includes\/media.php *\/\n\t\t<\/style>\n\t\t<div id='gallery-12' class='gallery galleryid-3480 gallery-columns-3 gallery-size-medium'><dl class='gallery-item'>\n\t\t\t<dt class='gallery-icon portrait'>\n\t\t\t\t<a href='https:\/\/lesghuidussenvadrouille.fr\/index.php\/2021\/05\/24\/albanie-macedoine-du-nord-et-bulgarie\/20210525_091234\/'><img loading=\"lazy\" decoding=\"async\" width=\"225\" height=\"300\" src=\"https:\/\/lesghuidussenvadrouille.fr\/wp-content\/uploads\/2021\/05\/20210525_091234-225x300.jpg\" class=\"attachment-medium size-medium\" alt=\"\" srcset=\"https:\/\/lesghuidussenvadrouille.fr\/wp-content\/uploads\/2021\/05\/20210525_091234-225x300.jpg 225w, https:\/\/lesghuidussenvadrouille.fr\/wp-content\/uploads\/2021\/05\/20210525_091234-768x1024.jpg 768w, https:\/\/lesghuidussenvadrouille.fr\/wp-content\/uploads\/2021\/05\/20210525_091234-1152x1536.jpg 1152w, https:\/\/lesghuidussenvadrouille.fr\/wp-content\/uploads\/2021\/05\/20210525_091234-1536x2048.jpg 1536w, https:\/\/lesghuidussenvadrouille.fr\/wp-content\/uploads\/2021\/05\/20210525_091234-scaled.jpg 1920w\" sizes=\"auto, (max-width: 225px) 100vw, 225px\" \/><\/a>\n\t\t\t<\/dt><\/dl><dl class='gallery-item'>\n\t\t\t<dt class='gallery-icon portrait'>\n\t\t\t\t<a href='https:\/\/lesghuidussenvadrouille.fr\/index.php\/2021\/05\/24\/albanie-macedoine-du-nord-et-bulgarie\/20210525_091112\/'><img loading=\"lazy\" decoding=\"async\" width=\"225\" height=\"300\" src=\"https:\/\/lesghuidussenvadrouille.fr\/wp-content\/uploads\/2021\/05\/20210525_091112-225x300.jpg\" class=\"attachment-medium size-medium\" alt=\"\" srcset=\"https:\/\/lesghuidussenvadrouille.fr\/wp-content\/uploads\/2021\/05\/20210525_091112-225x300.jpg 225w, https:\/\/lesghuidussenvadrouille.fr\/wp-content\/uploads\/2021\/05\/20210525_091112-768x1024.jpg 768w, https:\/\/lesghuidussenvadrouille.fr\/wp-content\/uploads\/2021\/05\/20210525_091112-1152x1536.jpg 1152w, https:\/\/lesghuidussenvadrouille.fr\/wp-content\/uploads\/2021\/05\/20210525_091112-1536x2048.jpg 1536w, https:\/\/lesghuidussenvadrouille.fr\/wp-content\/uploads\/2021\/05\/20210525_091112-scaled.jpg 1920w\" sizes=\"auto, (max-width: 225px) 100vw, 225px\" \/><\/a>\n\t\t\t<\/dt><\/dl>\n\t\t\t<br style='clear: both' \/>\n\t\t<\/div>\n\n<p><span style=\"color: #000000;\">Le passage c\u00f4t\u00e9 Bulgare est rapide: v\u00e9rification de la carte grise pour voir notre trajet (tout est \u00e9lectronique et des cam\u00e9ras tous les 5 km) et paiement du pont du Danube.<\/span><\/p>\n<p><span style=\"color: #000000;\">Nous repassons en Bulgarie fin juin 2021, le temps du transit car c&rsquo;est toujours enquiquinant en camion. La fronti\u00e8re pour rentrer aucun soucis mais pour sortir qu&rsquo;elle paperasserie et de temps.<\/span><\/p>\n<p style=\"text-align: center;\"><strong><span style=\"color: #ff0000;\">Le budget et notre bilan dans un autre article.<\/span><\/strong><\/p>\n<blockquote class=\"wp-embedded-content\" data-secret=\"AQDYBcKWrd\"><p><a href=\"https:\/\/lesghuidussenvadrouille.fr\/index.php\/2021\/06\/06\/budget-albanie-macedoine-et-bulgarie-bilan\/\">Budget Albanie, Mac\u00e9doine et Bulgarie + bilan<\/a><\/p><\/blockquote>\n<p><iframe loading=\"lazy\" class=\"wp-embedded-content\" sandbox=\"allow-scripts\" security=\"restricted\" style=\"position: absolute; visibility: hidden;\" title=\"\u00ab\u00a0Budget Albanie, Mac\u00e9doine et Bulgarie + bilan\u00a0\u00bb &#8212; Les ghuiduss en vadrouille\" src=\"https:\/\/lesghuidussenvadrouille.fr\/index.php\/2021\/06\/06\/budget-albanie-macedoine-et-bulgarie-bilan\/embed\/#?secret=8b5L0lTEgC#?secret=AQDYBcKWrd\" data-secret=\"AQDYBcKWrd\" width=\"500\" height=\"282\" frameborder=\"0\" marginwidth=\"0\" marginheight=\"0\" scrolling=\"no\"><\/iframe><\/p>\n","protected":false},"excerpt":{"rendered":"<p>Albanie: Le passage de la fronti\u00e8re n&rsquo;a pas \u00e9t\u00e9 si simple: C\u00f4t\u00e9 Grecs, papiers scann\u00e9s, recherche dans leur base je ne sais quoi. Et au bout de 20 minutes, ils nous laissent passer.<\/p>\n","protected":false},"author":1,"featured_media":0,"comment_status":"open","ping_status":"open","sticky":false,"template":"","format":"standard","meta":{"footnotes":""},"categories":[18],"tags":[],"class_list":["post-3480","post","type-post","status-publish","format-standard","hentry","category-18"],"_links":{"self":[{"href":"https:\/\/lesghuidussenvadrouille.fr\/index.php\/wp-json\/wp\/v2\/posts\/3480","targetHints":{"allow":["GET"]}}],"collection":[{"href":"https:\/\/lesghuidussenvadrouille.fr\/index.php\/wp-json\/wp\/v2\/posts"}],"about":[{"href":"https:\/\/lesghuidussenvadrouille.fr\/index.php\/wp-json\/wp\/v2\/types\/post"}],"author":[{"embeddable":true,"href":"https:\/\/lesghuidussenvadrouille.fr\/index.php\/wp-json\/wp\/v2\/users\/1"}],"replies":[{"embeddable":true,"href":"https:\/\/lesghuidussenvadrouille.fr\/index.php\/wp-json\/wp\/v2\/comments?post=3480"}],"version-history":[{"count":15,"href":"https:\/\/lesghuidussenvadrouille.fr\/index.php\/wp-json\/wp\/v2\/posts\/3480\/revisions"}],"predecessor-version":[{"id":5717,"href":"https:\/\/lesghuidussenvadrouille.fr\/index.php\/wp-json\/wp\/v2\/posts\/3480\/revisions\/5717"}],"wp:attachment":[{"href":"https:\/\/lesghuidussenvadrouille.fr\/index.php\/wp-json\/wp\/v2\/media?parent=3480"}],"wp:term":[{"taxonomy":"category","embeddable":true,"href":"https:\/\/lesghuidussenvadrouille.fr\/index.php\/wp-json\/wp\/v2\/categories?post=3480"},{"taxonomy":"post_tag","embeddable":true,"href":"https:\/\/lesghuidussenvadrouille.fr\/index.php\/wp-json\/wp\/v2\/tags?post=3480"}],"curies":[{"name":"wp","href":"https:\/\/api.w.org\/{rel}","templated":true}]}}