{"id":413,"date":"2018-12-04T18:18:21","date_gmt":"2018-12-04T17:18:21","guid":{"rendered":"http:\/\/lesghuidussenvadrouille.fr\/?p=413"},"modified":"2022-02-10T15:58:06","modified_gmt":"2022-02-10T14:58:06","slug":"slovenie","status":"publish","type":"post","link":"https:\/\/lesghuidussenvadrouille.fr\/index.php\/2018\/12\/04\/slovenie\/","title":{"rendered":"Slov\u00e9nie"},"content":{"rendered":"<p><span style=\"color: #000000;\">Pays d\u00e9cid\u00e9 juste avant de partir donc pr\u00e9parer \u00e0 l&rsquo;arrache. Heureusement que j&rsquo;ai pu discuter et pr\u00e9parer un peu ce pays avec un journaliste fran\u00e7ais qui vit depuis des ann\u00e9es en Slov\u00e9nie. N&rsquo;h\u00e9sitez pas \u00e0 aller sur son site :<\/span><\/p>\n<p style=\"text-align: center;\"><span style=\"color: #800080;\">http:\/\/slovenie-secrete.fr\/<\/span><\/p>\n<p><img loading=\"lazy\" decoding=\"async\" class=\"alignnone size-medium wp-image-2627\" src=\"https:\/\/lesghuidussenvadrouille.fr\/wp-content\/uploads\/2018\/12\/slovenie-1-300x225.jpg\" alt=\"\" width=\"300\" height=\"225\" srcset=\"https:\/\/lesghuidussenvadrouille.fr\/wp-content\/uploads\/2018\/12\/slovenie-1-300x225.jpg 300w, https:\/\/lesghuidussenvadrouille.fr\/wp-content\/uploads\/2018\/12\/slovenie-1-50x38.jpg 50w, https:\/\/lesghuidussenvadrouille.fr\/wp-content\/uploads\/2018\/12\/slovenie-1.jpg 680w\" sizes=\"auto, (max-width: 300px) 100vw, 300px\" \/><\/p>\n<p><span style=\"color: #000000;\">Nous n&rsquo;avons jamais pass\u00e9 une fronti\u00e8re aussi vite. 4 min 35 s et encore la douani\u00e8re est rentr\u00e9s dans Ycare (pour voir l&rsquo;int\u00e9rieur \u00a0\u00bb verry nice \u00a0\u00bb nous dira- t&rsquo;elle).<\/span><\/p>\n<p><span style=\"color: #000000;\">D\u00e9s les premiers kilom\u00e8tres nous sommes enchant\u00e9s. On ne sait pas trop ou on est: Suisse, Autriche, un film peut-\u00eatre, au Moyen-Age ou en Slov\u00e9nie tout simplement.<\/span><\/p>\n<p><!--more--><\/p>\n<p><img loading=\"lazy\" decoding=\"async\" class=\"alignnone size-medium wp-image-2244\" src=\"https:\/\/lesghuidussenvadrouille.fr\/wp-content\/uploads\/2018\/02\/20181003_155247-300x225.jpg\" alt=\"\" width=\"300\" height=\"225\" srcset=\"https:\/\/lesghuidussenvadrouille.fr\/wp-content\/uploads\/2018\/02\/20181003_155247-300x225.jpg 300w, https:\/\/lesghuidussenvadrouille.fr\/wp-content\/uploads\/2018\/02\/20181003_155247-768x576.jpg 768w, https:\/\/lesghuidussenvadrouille.fr\/wp-content\/uploads\/2018\/02\/20181003_155247-1024x768.jpg 1024w\" sizes=\"auto, (max-width: 300px) 100vw, 300px\" \/><\/p>\n<p><span style=\"color: #000000;\">Les maisons sont toutes align\u00e9es au milieu des vignes.<\/span><\/p>\n<p><span style=\"color: #000000;\">Il y a beaucoup de fortifications sur la route. Nous nous arr\u00eaterons\u00a0 dans un petit village:<\/span><\/p>\n<h3><strong><span style=\"color: #000000;\">Dobrodosli:<\/span><\/strong><\/h3>\n<p><img loading=\"lazy\" decoding=\"async\" class=\"size-medium wp-image-2243 aligncenter\" src=\"https:\/\/lesghuidussenvadrouille.fr\/wp-content\/uploads\/2018\/02\/20181003_161055-300x225.jpg\" alt=\"\" width=\"300\" height=\"225\" srcset=\"https:\/\/lesghuidussenvadrouille.fr\/wp-content\/uploads\/2018\/02\/20181003_161055-300x225.jpg 300w, https:\/\/lesghuidussenvadrouille.fr\/wp-content\/uploads\/2018\/02\/20181003_161055-768x576.jpg 768w, https:\/\/lesghuidussenvadrouille.fr\/wp-content\/uploads\/2018\/02\/20181003_161055-1024x768.jpg 1024w\" sizes=\"auto, (max-width: 300px) 100vw, 300px\" \/><\/p>\n<p><span style=\"color: #000000;\">Petit ch\u00e2teau magnifiquement conserv\u00e9 et gratuit en plus. Il y a une petite bo\u00eete \u00e0 don pour sa conservation, faite un geste.<\/span><\/p>\n<p><span style=\"color: #000000;\"><img loading=\"lazy\" decoding=\"async\" class=\"size-medium wp-image-2245 alignleft\" src=\"https:\/\/lesghuidussenvadrouille.fr\/wp-content\/uploads\/2018\/02\/20181003_162219-e1538671981760-225x300.jpg\" alt=\"\" width=\"225\" height=\"300\" srcset=\"https:\/\/lesghuidussenvadrouille.fr\/wp-content\/uploads\/2018\/02\/20181003_162219-e1538671981760-225x300.jpg 225w, https:\/\/lesghuidussenvadrouille.fr\/wp-content\/uploads\/2018\/02\/20181003_162219-e1538671981760-768x1024.jpg 768w\" sizes=\"auto, (max-width: 225px) 100vw, 225px\" \/><\/span><\/p>\n<p><img loading=\"lazy\" decoding=\"async\" class=\"size-medium wp-image-2246 aligncenter\" src=\"https:\/\/lesghuidussenvadrouille.fr\/wp-content\/uploads\/2018\/02\/20181003_161241-e1538671991174-225x300.jpg\" alt=\"\" width=\"225\" height=\"300\" srcset=\"https:\/\/lesghuidussenvadrouille.fr\/wp-content\/uploads\/2018\/02\/20181003_161241-e1538671991174-225x300.jpg 225w, https:\/\/lesghuidussenvadrouille.fr\/wp-content\/uploads\/2018\/02\/20181003_161241-e1538671991174-768x1024.jpg 768w\" sizes=\"auto, (max-width: 225px) 100vw, 225px\" \/><\/p>\n<p><span style=\"color: #000000;\">La vue de la vall\u00e9e\u00a0 des terrasses du ch\u00e2teau est superbe.<\/span><\/p>\n<h3>Ljubljana:<\/h3>\n<p><img loading=\"lazy\" decoding=\"async\" class=\"size-medium wp-image-2295 aligncenter\" src=\"https:\/\/lesghuidussenvadrouille.fr\/wp-content\/uploads\/2018\/10\/43124918_877259962479275_6846599124511358976_n-300x225.jpg\" alt=\"\" width=\"300\" height=\"225\" srcset=\"https:\/\/lesghuidussenvadrouille.fr\/wp-content\/uploads\/2018\/10\/43124918_877259962479275_6846599124511358976_n-300x225.jpg 300w, https:\/\/lesghuidussenvadrouille.fr\/wp-content\/uploads\/2018\/10\/43124918_877259962479275_6846599124511358976_n-768x576.jpg 768w, https:\/\/lesghuidussenvadrouille.fr\/wp-content\/uploads\/2018\/10\/43124918_877259962479275_6846599124511358976_n-1024x768.jpg 1024w, https:\/\/lesghuidussenvadrouille.fr\/wp-content\/uploads\/2018\/10\/43124918_877259962479275_6846599124511358976_n-50x38.jpg 50w, https:\/\/lesghuidussenvadrouille.fr\/wp-content\/uploads\/2018\/10\/43124918_877259962479275_6846599124511358976_n.jpg 2048w\" sizes=\"auto, (max-width: 300px) 100vw, 300px\" \/><\/p>\n<p><span style=\"color: #000000;\">Nous nous arr\u00eaterons 3 nuits au parking du zoo de la capitale. Lieu tranquille, gratuit et \u00e0 proximit\u00e9 de plusieurs lieux. Cette capitale est la douceur de vivre, et nous avons de la chance le soleil est avec nous. Pour aller au centre on doit traverser l&rsquo;immense parc de Tivoli. C&rsquo;est en fait des collines, une for\u00eat, un \u00e9tang, un parc ,des expo&#8230;\u00a0 et m\u00eame des tremplins de ski. C&rsquo;est calme.<\/span><\/p>\n<p><span style=\"color: #000000;\">Le centre est rempli de places, de placettes, de jolis b\u00e2timents. Nous nous sentons bien dans cette ville pourtant qu&rsquo;est qu&rsquo;il y a comme touristes.<\/span><\/p>\n<p><img loading=\"lazy\" decoding=\"async\" class=\"size-medium wp-image-2297 alignleft\" src=\"https:\/\/lesghuidussenvadrouille.fr\/wp-content\/uploads\/2018\/10\/43201646_1597741980325814_3243976678271090688_n-224x300.jpg\" alt=\"\" width=\"224\" height=\"300\" srcset=\"https:\/\/lesghuidussenvadrouille.fr\/wp-content\/uploads\/2018\/10\/43201646_1597741980325814_3243976678271090688_n-224x300.jpg 224w, https:\/\/lesghuidussenvadrouille.fr\/wp-content\/uploads\/2018\/10\/43201646_1597741980325814_3243976678271090688_n-37x50.jpg 37w, https:\/\/lesghuidussenvadrouille.fr\/wp-content\/uploads\/2018\/10\/43201646_1597741980325814_3243976678271090688_n.jpg 718w\" sizes=\"auto, (max-width: 224px) 100vw, 224px\" \/><\/p>\n<p><img loading=\"lazy\" decoding=\"async\" class=\"size-medium wp-image-2296 alignleft\" src=\"https:\/\/lesghuidussenvadrouille.fr\/wp-content\/uploads\/2018\/10\/43138798_2098402660182650_8036912571447508992_n-223x300.jpg\" alt=\"\" width=\"223\" height=\"300\" srcset=\"https:\/\/lesghuidussenvadrouille.fr\/wp-content\/uploads\/2018\/10\/43138798_2098402660182650_8036912571447508992_n-223x300.jpg 223w, https:\/\/lesghuidussenvadrouille.fr\/wp-content\/uploads\/2018\/10\/43138798_2098402660182650_8036912571447508992_n-37x50.jpg 37w, https:\/\/lesghuidussenvadrouille.fr\/wp-content\/uploads\/2018\/10\/43138798_2098402660182650_8036912571447508992_n.jpg 714w\" sizes=\"auto, (max-width: 223px) 100vw, 223px\" \/><\/p>\n<p><img loading=\"lazy\" decoding=\"async\" class=\"size-medium wp-image-2293 aligncenter\" src=\"https:\/\/lesghuidussenvadrouille.fr\/wp-content\/uploads\/2018\/10\/43108244_2098402700182646_3110600158270717952_n-167x300.jpg\" alt=\"\" width=\"167\" height=\"300\" srcset=\"https:\/\/lesghuidussenvadrouille.fr\/wp-content\/uploads\/2018\/10\/43108244_2098402700182646_3110600158270717952_n-167x300.jpg 167w, https:\/\/lesghuidussenvadrouille.fr\/wp-content\/uploads\/2018\/10\/43108244_2098402700182646_3110600158270717952_n-28x50.jpg 28w, https:\/\/lesghuidussenvadrouille.fr\/wp-content\/uploads\/2018\/10\/43108244_2098402700182646_3110600158270717952_n.jpg 533w\" sizes=\"auto, (max-width: 167px) 100vw, 167px\" \/><\/p>\n<p><span style=\"color: #000000;\">Nous grimpons une autre colline qui m\u00e8ne au ch\u00e2teau avec une vue superbe sur cette ville travers\u00e9e par la rivi\u00e8re Ljubljanica. Nous n&rsquo;avons pas visit\u00e9 l&rsquo;int\u00e9rieur mais la balade est sympa. Nous n&rsquo;avons pas pris le funiculaire car la mont\u00e9e dure que 10 min et on redescend par un autre chemin.<\/span><\/p>\n<p><span style=\"color: #000000;\">Du coup nous arrivons sur le splendide march\u00e9 du centre. C&rsquo;est convivial, bon enfant, prix attractif (j&rsquo;ai rhabill\u00e9 Nina pour le jour de sa rentr\u00e9e scolaire). Les gens sont sympathiques.<\/span><\/p>\n<p><span style=\"color: #000000;\">On va voir si les dragons du pont sont r\u00e9veill\u00e9s. Ce sera pour une prochaine fois. (petit d\u00e9tail des toilettes gratuites propres sous le pont.)<\/span><\/p>\n<p><img loading=\"lazy\" decoding=\"async\" class=\"size-medium wp-image-2294 aligncenter\" src=\"https:\/\/lesghuidussenvadrouille.fr\/wp-content\/uploads\/2018\/10\/43114216_2098402926849290_2187037195829772288_n-223x300.jpg\" alt=\"\" width=\"223\" height=\"300\" srcset=\"https:\/\/lesghuidussenvadrouille.fr\/wp-content\/uploads\/2018\/10\/43114216_2098402926849290_2187037195829772288_n-223x300.jpg 223w, https:\/\/lesghuidussenvadrouille.fr\/wp-content\/uploads\/2018\/10\/43114216_2098402926849290_2187037195829772288_n-37x50.jpg 37w, https:\/\/lesghuidussenvadrouille.fr\/wp-content\/uploads\/2018\/10\/43114216_2098402926849290_2187037195829772288_n.jpg 714w\" sizes=\"auto, (max-width: 223px) 100vw, 223px\" \/><\/p>\n<p><span style=\"color: #000000;\">Nous mangeons dans un des petits resto qui bordent le march\u00e9. Nous d\u00e9couvrons des\u00a0<strong>\u00a0cevapcicis <\/strong>et encore mais pour notre plaisir des<strong> Burek. <\/strong>Je ne vous explique pas; faut les go\u00fbter et se r\u00e9galer et pour pas cher.<\/span><\/p>\n<p><img loading=\"lazy\" decoding=\"async\" class=\"size-medium wp-image-2292 aligncenter\" src=\"https:\/\/lesghuidussenvadrouille.fr\/wp-content\/uploads\/2018\/10\/43025649_2098402863515963_8158055727508750336_n-223x300.jpg\" alt=\"\" width=\"223\" height=\"300\" srcset=\"https:\/\/lesghuidussenvadrouille.fr\/wp-content\/uploads\/2018\/10\/43025649_2098402863515963_8158055727508750336_n-223x300.jpg 223w, https:\/\/lesghuidussenvadrouille.fr\/wp-content\/uploads\/2018\/10\/43025649_2098402863515963_8158055727508750336_n-37x50.jpg 37w, https:\/\/lesghuidussenvadrouille.fr\/wp-content\/uploads\/2018\/10\/43025649_2098402863515963_8158055727508750336_n.jpg 714w\" sizes=\"auto, (max-width: 223px) 100vw, 223px\" \/><\/p>\n<p><span style=\"color: #000000;\">Nous d\u00e9ambulons, d\u00e9ambulons. On a les yeux partout. Y a des trucs un peu bizarres partout, des petits passages. Elle est secr\u00e8te cette ville remplie d&rsquo;histoire vraie ou l\u00e9gendaire&#8230;<\/span><\/p>\n<p><span style=\"color: #000000;\">Quand nous revenons \u00e0 Ycare; il y a beaucoup d&rsquo;agitation devant le zoo. En fait la radio est l\u00e0, avec un bus r\u00e9gie immense et les \u00ab\u00a0stars \u00a0\u00bb de la radio locale. Cette derni\u00e8re est l\u00e0 pour remettre un ch\u00e8que qui servira \u00e0 financer l\u2019enclos des lynx. Les enfants peuvent dessiner, boire un coup et participer \u00e0 un jeux en direct. Nous sommes interrog\u00e9s par un membre du staff qui \u00e0 la gentillesse de nous faire visiter le bus. Nina participe en direct au jeu. L\u2019animateur pos\u00e9 des questions en slov\u00e8ne traduit en anglais par la stagiaire et Nina r\u00e9pond en fran\u00e7ais ou en anglais. C&rsquo;est rocambolesque mais super g\u00e9nial. Pendant ce temps Adrien dessine l&rsquo;entr\u00e9e du zoo et remet son dessin \u00e0 l\u2019animateur. Nina gagnera une peluche panda. C&rsquo;\u00e9tait un moment extra.<\/span><\/p>\n<p><span style=\"color: #000000;\">Merci la radio<\/span><\/p>\n<p><img loading=\"lazy\" decoding=\"async\" class=\"size-medium wp-image-2298 aligncenter\" src=\"https:\/\/lesghuidussenvadrouille.fr\/wp-content\/uploads\/2018\/10\/43221138_2098403210182595_7436662751205785600_n-223x300.jpg\" alt=\"\" width=\"223\" height=\"300\" srcset=\"https:\/\/lesghuidussenvadrouille.fr\/wp-content\/uploads\/2018\/10\/43221138_2098403210182595_7436662751205785600_n-223x300.jpg 223w, https:\/\/lesghuidussenvadrouille.fr\/wp-content\/uploads\/2018\/10\/43221138_2098403210182595_7436662751205785600_n-37x50.jpg 37w, https:\/\/lesghuidussenvadrouille.fr\/wp-content\/uploads\/2018\/10\/43221138_2098403210182595_7436662751205785600_n.jpg 714w\" sizes=\"auto, (max-width: 223px) 100vw, 223px\" \/><\/p>\n<h3><span style=\"color: #000000;\"><strong>Gorges de Vintgar :<\/strong><\/span><\/h3>\n<p><span style=\"color: #000000;\">Apr\u00e8s Plitvice nous d\u00e9couvrons les gorges de Vintgar en fin de matin\u00e9e. La balade aller-retour dure moins de 2 h. Elle est belle est assez simple. Nous descendons \u00e0 travers les m\u00e9andres du canyon. L&rsquo;endroit est f\u00e9erique la couleur de l&rsquo;eau magnifique. Les enfants voient d&rsquo;\u00e9normes truites. c&rsquo;est sensationnel de voir que ce lieu est touristique depuis 1893 sans perdre de sa simplicit\u00e9.<\/span><\/p>\n<p><img loading=\"lazy\" decoding=\"async\" class=\"size-medium wp-image-2300 alignleft\" src=\"https:\/\/lesghuidussenvadrouille.fr\/wp-content\/uploads\/2018\/10\/20181005_131942-e1544006532262-225x300.jpg\" alt=\"\" width=\"225\" height=\"300\" srcset=\"https:\/\/lesghuidussenvadrouille.fr\/wp-content\/uploads\/2018\/10\/20181005_131942-e1544006532262-225x300.jpg 225w, https:\/\/lesghuidussenvadrouille.fr\/wp-content\/uploads\/2018\/10\/20181005_131942-e1544006532262-768x1024.jpg 768w, https:\/\/lesghuidussenvadrouille.fr\/wp-content\/uploads\/2018\/10\/20181005_131942-e1544006532262-38x50.jpg 38w\" sizes=\"auto, (max-width: 225px) 100vw, 225px\" \/><\/p>\n<h3><img loading=\"lazy\" decoding=\"async\" class=\"size-medium wp-image-2301 alignleft\" src=\"https:\/\/lesghuidussenvadrouille.fr\/wp-content\/uploads\/2018\/10\/20181005_132017-e1544006517801-225x300.jpg\" alt=\"\" width=\"225\" height=\"300\" srcset=\"https:\/\/lesghuidussenvadrouille.fr\/wp-content\/uploads\/2018\/10\/20181005_132017-e1544006517801-225x300.jpg 225w, https:\/\/lesghuidussenvadrouille.fr\/wp-content\/uploads\/2018\/10\/20181005_132017-e1544006517801-768x1024.jpg 768w, https:\/\/lesghuidussenvadrouille.fr\/wp-content\/uploads\/2018\/10\/20181005_132017-e1544006517801-38x50.jpg 38w\" sizes=\"auto, (max-width: 225px) 100vw, 225px\" \/><\/h3>\n<h3><img loading=\"lazy\" decoding=\"async\" class=\"size-medium wp-image-2302 alignleft\" src=\"https:\/\/lesghuidussenvadrouille.fr\/wp-content\/uploads\/2018\/10\/20181005_132804-e1544006541503-225x300.jpg\" alt=\"\" width=\"225\" height=\"300\" srcset=\"https:\/\/lesghuidussenvadrouille.fr\/wp-content\/uploads\/2018\/10\/20181005_132804-e1544006541503-225x300.jpg 225w, https:\/\/lesghuidussenvadrouille.fr\/wp-content\/uploads\/2018\/10\/20181005_132804-e1544006541503-768x1024.jpg 768w, https:\/\/lesghuidussenvadrouille.fr\/wp-content\/uploads\/2018\/10\/20181005_132804-e1544006541503-38x50.jpg 38w\" sizes=\"auto, (max-width: 225px) 100vw, 225px\" \/><\/h3>\n<h3><img loading=\"lazy\" decoding=\"async\" class=\"size-medium wp-image-2303 aligncenter\" src=\"https:\/\/lesghuidussenvadrouille.fr\/wp-content\/uploads\/2018\/10\/20181005_132920-e1544006550401-225x300.jpg\" alt=\"\" width=\"225\" height=\"300\" srcset=\"https:\/\/lesghuidussenvadrouille.fr\/wp-content\/uploads\/2018\/10\/20181005_132920-e1544006550401-225x300.jpg 225w, https:\/\/lesghuidussenvadrouille.fr\/wp-content\/uploads\/2018\/10\/20181005_132920-e1544006550401-768x1024.jpg 768w, https:\/\/lesghuidussenvadrouille.fr\/wp-content\/uploads\/2018\/10\/20181005_132920-e1544006550401-38x50.jpg 38w\" sizes=\"auto, (max-width: 225px) 100vw, 225px\" \/><\/h3>\n<h3><\/h3>\n<h3><\/h3>\n<h3><\/h3>\n<h3><\/h3>\n<h3><\/h3>\n<h3><\/h3>\n<h3><\/h3>\n<h3><strong>Lac de Bled:<\/strong><\/h3>\n<p><span style=\"color: #000000;\">Nous avons coupl\u00e9 cette journ\u00e9e des gorges par le lac de Bled. Alors l\u00e0, c&rsquo;est compliqu\u00e9 de se garer. Pas sp\u00e9cialement \u00e0 cause des parcm\u00e8tres mais plut\u00f4t \u00e0 la r\u00e8gle Slov\u00e8ne: on ne doit pas d\u00e9passer de 1 cm en dehors des trait. C&rsquo;est quasiment interdit partout pour les camping- car. On se gare \u00e0 la gare ferroviaire. On se balade au bord du lac mais l&rsquo;envie nous prend de grimper pour avoir une meilleure vue. Ce n&rsquo;est pas long mais \u00e7a grimpe. Heureusement que nous sommes hors saison et en fin de journ\u00e9e car il y a encore beaucoup de monde.\u00a0 C&rsquo;est joli mais \u00e7a ne nous a pas transport\u00e9s.<\/span><\/p>\n<p><img loading=\"lazy\" decoding=\"async\" class=\"size-medium wp-image-2304 alignleft\" src=\"https:\/\/lesghuidussenvadrouille.fr\/wp-content\/uploads\/2018\/10\/20181005_195255-225x300.jpg\" alt=\"\" width=\"225\" height=\"300\" srcset=\"https:\/\/lesghuidussenvadrouille.fr\/wp-content\/uploads\/2018\/10\/20181005_195255-225x300.jpg 225w, https:\/\/lesghuidussenvadrouille.fr\/wp-content\/uploads\/2018\/10\/20181005_195255-768x1024.jpg 768w, https:\/\/lesghuidussenvadrouille.fr\/wp-content\/uploads\/2018\/10\/20181005_195255-38x50.jpg 38w\" sizes=\"auto, (max-width: 225px) 100vw, 225px\" \/><\/p>\n<h3><img loading=\"lazy\" decoding=\"async\" class=\"size-medium wp-image-2299 aligncenter\" src=\"https:\/\/lesghuidussenvadrouille.fr\/wp-content\/uploads\/2018\/10\/20181005_175341-e1544006436237-169x300.jpg\" alt=\"\" width=\"169\" height=\"300\" srcset=\"https:\/\/lesghuidussenvadrouille.fr\/wp-content\/uploads\/2018\/10\/20181005_175341-e1544006436237-169x300.jpg 169w, https:\/\/lesghuidussenvadrouille.fr\/wp-content\/uploads\/2018\/10\/20181005_175341-e1544006436237-768x1365.jpg 768w, https:\/\/lesghuidussenvadrouille.fr\/wp-content\/uploads\/2018\/10\/20181005_175341-e1544006436237-576x1024.jpg 576w, https:\/\/lesghuidussenvadrouille.fr\/wp-content\/uploads\/2018\/10\/20181005_175341-e1544006436237-28x50.jpg 28w\" sizes=\"auto, (max-width: 169px) 100vw, 169px\" \/><\/h3>\n<h3><\/h3>\n<h3><\/h3>\n<h3><\/h3>\n<h3><\/h3>\n<h3><\/h3>\n<h3><\/h3>\n<h3><\/h3>\n<h3><strong>Grottes Skocjan :<\/strong><\/h3>\n<p><span style=\"color: #000000;\">Nous voulions faire au moins une grotte en Slov\u00e9nie. Nous avons choisi celle-ci pour son prix, les autres sont exorbitantes. On ne va pas y aller par 4 chemins. M\u00eame pour un d\u00e9but octobre il y avait beaucoup de monde trop m\u00eame. Il y a 3 possibilit\u00e9s de langue : Slov\u00e8ne, Anglais et Italien. Il n&rsquo;y aura pas d&rsquo;italien ce jour-l\u00e0. Du coup nous sommes r\u00e9partis dans des groupes en anglais, 4 groupes de 60 personnes\/guide. C&rsquo;est \u00e9norme c&rsquo;est trop! On ne comprend rien de ce qu&rsquo;il dit, ce n&rsquo;est pas la faute \u00e0 la langue mais au fait qu&rsquo;on est les derniers et que sa voix ne porte pas. La grotte est tr\u00e8s mal \u00e9clair\u00e9e. Nous comprenons que nous ne devons pas prendre de photos mais tout le monde en prend et certains avec de puissants flashs. Il a beaucoup plu et la rivi\u00e8re souterraine fait un sacr\u00e9 bouquant mais on la voit pas. Elle est ou? On suivra pendant 3 h sans rien comprendre et quasiment rien voir.<\/span><\/p>\n<p><span style=\"color: #000000;\">Nous avons pr\u00e9f\u00e9r\u00e9 la balade que nous avons faite apr\u00e8s l&rsquo;arr\u00eat de la pluie tout autour de la grotte qui nous permet de voir l&rsquo;entr\u00e9e de la rivi\u00e8re dans la grotte.<\/span><\/p>\n<h3 style=\"text-align: center;\"><span style=\"color: #000000;\">Malheureusement nous avons perdu la moiti\u00e9 de nos photos de Ljubljana et toutes celles des grottes.<\/span><\/h3>\n<h3><span style=\"color: #000000;\"><strong>Piran:<\/strong><\/span><\/h3>\n<p><span style=\"color: #000000;\">ville c\u00f4ti\u00e8re encore une fois acc\u00e8s difficile \u00e0 un parking pour les campings-caristes. Le soleil est revenu. Pendant la pause d\u00e9jeuner les hommes ont sortie les cannes \u00e0 p\u00eache. Silence radio. L\u2019apr\u00e8s midi nous la passerons \u00e0 longer le chemin c\u00f4tier tr\u00e8s sympathique. Nous d\u00e9couvrons un concours de cuisine de grand chef. Chouette on a le droit de regarder et de sennnnnntir&#8230;&#8230;Ces odeurs m\u00eame \u00e0 14 30 nous redonnent faim.<\/span><\/p>\n<p><img loading=\"lazy\" decoding=\"async\" class=\"size-medium wp-image-2305 aligncenter\" src=\"https:\/\/lesghuidussenvadrouille.fr\/wp-content\/uploads\/2018\/10\/20181008_133311-e1544007045387-225x300.jpg\" alt=\"\" width=\"225\" height=\"300\" srcset=\"https:\/\/lesghuidussenvadrouille.fr\/wp-content\/uploads\/2018\/10\/20181008_133311-e1544007045387-225x300.jpg 225w, https:\/\/lesghuidussenvadrouille.fr\/wp-content\/uploads\/2018\/10\/20181008_133311-e1544007045387-768x1024.jpg 768w, https:\/\/lesghuidussenvadrouille.fr\/wp-content\/uploads\/2018\/10\/20181008_133311-e1544007045387-38x50.jpg 38w\" sizes=\"auto, (max-width: 225px) 100vw, 225px\" \/><\/p>\n<p><span style=\"color: #000000;\">Piran a des couleurs ocre qui changent pendant notre balade. On va jusqu&rsquo;\u00e0 la pointe par la mer puis nous revenons par les ruelles. L\u00e0, je suis \u00e0 ma place ces ruelles, ces petits passages ou on c&rsquo;est pas trop ou on va. Je pars toute seule dans mon coin car je veux explorer ces ruelles. Seb et les enfants retournerons sur l&rsquo;immense place. Je grimpe me perd, non d\u00e9couvre. Puis j&rsquo;arrive au campanile. La vue! Bon j&rsquo;ai plus de mots \u00e0 force. Mon vocabulaire est limit\u00e9. Ce quart d&rsquo;heure toute seule m&rsquo;a fait un bien fou.<\/span><\/p>\n<p><img loading=\"lazy\" decoding=\"async\" class=\"size-medium wp-image-2307 alignleft\" src=\"https:\/\/lesghuidussenvadrouille.fr\/wp-content\/uploads\/2018\/10\/20181008_140140-e1544007063428-225x300.jpg\" alt=\"\" width=\"225\" height=\"300\" srcset=\"https:\/\/lesghuidussenvadrouille.fr\/wp-content\/uploads\/2018\/10\/20181008_140140-e1544007063428-225x300.jpg 225w, https:\/\/lesghuidussenvadrouille.fr\/wp-content\/uploads\/2018\/10\/20181008_140140-e1544007063428-768x1024.jpg 768w, https:\/\/lesghuidussenvadrouille.fr\/wp-content\/uploads\/2018\/10\/20181008_140140-e1544007063428-38x50.jpg 38w\" sizes=\"auto, (max-width: 225px) 100vw, 225px\" \/><\/p>\n<p><img loading=\"lazy\" decoding=\"async\" class=\"size-medium wp-image-2310 alignleft\" src=\"https:\/\/lesghuidussenvadrouille.fr\/wp-content\/uploads\/2018\/10\/20181008_145019-e1544007079630-225x300.jpg\" alt=\"\" width=\"225\" height=\"300\" srcset=\"https:\/\/lesghuidussenvadrouille.fr\/wp-content\/uploads\/2018\/10\/20181008_145019-e1544007079630-225x300.jpg 225w, https:\/\/lesghuidussenvadrouille.fr\/wp-content\/uploads\/2018\/10\/20181008_145019-e1544007079630-768x1024.jpg 768w, https:\/\/lesghuidussenvadrouille.fr\/wp-content\/uploads\/2018\/10\/20181008_145019-e1544007079630-38x50.jpg 38w\" sizes=\"auto, (max-width: 225px) 100vw, 225px\" \/><\/p>\n<p><img loading=\"lazy\" decoding=\"async\" class=\"size-medium wp-image-2313 alignleft\" src=\"https:\/\/lesghuidussenvadrouille.fr\/wp-content\/uploads\/2018\/10\/20181008_150225-e1544007161640-225x300.jpg\" alt=\"\" width=\"225\" height=\"300\" srcset=\"https:\/\/lesghuidussenvadrouille.fr\/wp-content\/uploads\/2018\/10\/20181008_150225-e1544007161640-225x300.jpg 225w, https:\/\/lesghuidussenvadrouille.fr\/wp-content\/uploads\/2018\/10\/20181008_150225-e1544007161640-768x1024.jpg 768w, https:\/\/lesghuidussenvadrouille.fr\/wp-content\/uploads\/2018\/10\/20181008_150225-e1544007161640-38x50.jpg 38w\" sizes=\"auto, (max-width: 225px) 100vw, 225px\" \/><\/p>\n<p><img loading=\"lazy\" decoding=\"async\" class=\"size-medium wp-image-2308 alignleft\" src=\"https:\/\/lesghuidussenvadrouille.fr\/wp-content\/uploads\/2018\/10\/20181008_143826-e1544007071586-225x300.jpg\" alt=\"\" width=\"225\" height=\"300\" srcset=\"https:\/\/lesghuidussenvadrouille.fr\/wp-content\/uploads\/2018\/10\/20181008_143826-e1544007071586-225x300.jpg 225w, https:\/\/lesghuidussenvadrouille.fr\/wp-content\/uploads\/2018\/10\/20181008_143826-e1544007071586-768x1024.jpg 768w, https:\/\/lesghuidussenvadrouille.fr\/wp-content\/uploads\/2018\/10\/20181008_143826-e1544007071586-38x50.jpg 38w\" sizes=\"auto, (max-width: 225px) 100vw, 225px\" \/><\/p>\n<p><img loading=\"lazy\" decoding=\"async\" class=\"size-medium wp-image-2309 aligncenter\" src=\"https:\/\/lesghuidussenvadrouille.fr\/wp-content\/uploads\/2018\/10\/20181008_144852-300x225.jpg\" alt=\"\" width=\"300\" height=\"225\" srcset=\"https:\/\/lesghuidussenvadrouille.fr\/wp-content\/uploads\/2018\/10\/20181008_144852-300x225.jpg 300w, https:\/\/lesghuidussenvadrouille.fr\/wp-content\/uploads\/2018\/10\/20181008_144852-768x576.jpg 768w, https:\/\/lesghuidussenvadrouille.fr\/wp-content\/uploads\/2018\/10\/20181008_144852-1024x768.jpg 1024w, https:\/\/lesghuidussenvadrouille.fr\/wp-content\/uploads\/2018\/10\/20181008_144852-50x38.jpg 50w\" sizes=\"auto, (max-width: 300px) 100vw, 300px\" \/><\/p>\n<p><span style=\"color: #000000;\">Au retour une glace s&rsquo;impose face \u00e0 la mer.<\/span><\/p>\n<p><img loading=\"lazy\" decoding=\"async\" class=\"size-medium wp-image-2311 aligncenter\" src=\"https:\/\/lesghuidussenvadrouille.fr\/wp-content\/uploads\/2018\/10\/20181008_154026-e1544007087323-225x300.jpg\" alt=\"\" width=\"225\" height=\"300\" srcset=\"https:\/\/lesghuidussenvadrouille.fr\/wp-content\/uploads\/2018\/10\/20181008_154026-e1544007087323-225x300.jpg 225w, https:\/\/lesghuidussenvadrouille.fr\/wp-content\/uploads\/2018\/10\/20181008_154026-e1544007087323-768x1024.jpg 768w, https:\/\/lesghuidussenvadrouille.fr\/wp-content\/uploads\/2018\/10\/20181008_154026-e1544007087323-38x50.jpg 38w\" sizes=\"auto, (max-width: 225px) 100vw, 225px\" \/><\/p>\n<p><span style=\"color: #000000;\">Nous ne pourrons pas visiter Izola ou Koper, on ne peut pas s\u2019arr\u00eater pour quelques heures mais pour 24 h.<\/span><\/p>\n<p><span style=\"color: #000000;\">On finit nos 2 derni\u00e8res nuits en bordure de fronti\u00e8re dans un camping d\u00e9saffect\u00e9 en bord de mer.<\/span><\/p>\n<p><img loading=\"lazy\" decoding=\"async\" class=\"size-medium wp-image-2312 alignleft\" src=\"https:\/\/lesghuidussenvadrouille.fr\/wp-content\/uploads\/2018\/10\/20181009_162134-e1544007154259-300x225.jpg\" alt=\"\" width=\"300\" height=\"225\" srcset=\"https:\/\/lesghuidussenvadrouille.fr\/wp-content\/uploads\/2018\/10\/20181009_162134-e1544007154259-300x225.jpg 300w, https:\/\/lesghuidussenvadrouille.fr\/wp-content\/uploads\/2018\/10\/20181009_162134-e1544007154259-768x576.jpg 768w, https:\/\/lesghuidussenvadrouille.fr\/wp-content\/uploads\/2018\/10\/20181009_162134-e1544007154259-1024x768.jpg 1024w, https:\/\/lesghuidussenvadrouille.fr\/wp-content\/uploads\/2018\/10\/20181009_162134-e1544007154259-50x38.jpg 50w\" sizes=\"auto, (max-width: 300px) 100vw, 300px\" \/><\/p>\n<p><img loading=\"lazy\" decoding=\"async\" class=\"size-medium wp-image-2306 aligncenter\" src=\"https:\/\/lesghuidussenvadrouille.fr\/wp-content\/uploads\/2018\/10\/20181008_134641-e1544007053601-225x300.jpg\" alt=\"\" width=\"225\" height=\"300\" srcset=\"https:\/\/lesghuidussenvadrouille.fr\/wp-content\/uploads\/2018\/10\/20181008_134641-e1544007053601-225x300.jpg 225w, https:\/\/lesghuidussenvadrouille.fr\/wp-content\/uploads\/2018\/10\/20181008_134641-e1544007053601-768x1024.jpg 768w, https:\/\/lesghuidussenvadrouille.fr\/wp-content\/uploads\/2018\/10\/20181008_134641-e1544007053601-38x50.jpg 38w\" sizes=\"auto, (max-width: 225px) 100vw, 225px\" \/><\/p>\n<p><span style=\"color: #000000;\">Oblig\u00e9 d&rsquo;attach\u00e9 Happy sinon il se jetterai encore dans l&rsquo;eau.<\/span><\/p>\n<h1 style=\"text-align: center;\"><span style=\"color: #000000;\"><strong>Bilan:<\/strong><\/span><\/h1>\n<p><span style=\"color: #000000;\">La Slov\u00e9nie est un pays serein ou on se sent bien. Les gens vous sourie vous font comprendre que nous sommes les bienvenues.<\/span><\/p>\n<p><span style=\"color: #000000;\">Le point n\u00e9gatif et le stationnement des campings-caristes qui est trop rigide et qui nous emp\u00eachent d&rsquo;en voir plus de visiter de d\u00e9couvrir, surtout hors saison et que les camping sont ferm\u00e9s.<\/span><\/p>\n<p><span style=\"color: #000000;\">En revanche, le stationnement camping-cariste et payant mais pas les services et \u00e7a c&rsquo;est g\u00e9nial.<\/span><\/p>\n<p><span style=\"color: #000000;\">C&rsquo;est un beau pays et nous sommes heureux de l&rsquo;avoir rajout\u00e9 sur notre itin\u00e9raire.<\/span><\/p>\n<h2><\/h2>\n","protected":false},"excerpt":{"rendered":"<p>Pays d\u00e9cid\u00e9 juste avant de partir donc pr\u00e9parer \u00e0 l&rsquo;arrache. Heureusement que j&rsquo;ai pu discuter et pr\u00e9parer un peu ce pays avec un journaliste fran\u00e7ais qui vit depuis des ann\u00e9es en Slov\u00e9nie. N&rsquo;h\u00e9sitez pas \u00e0 aller sur son site : http:\/\/slovenie-secrete.fr\/ Nous n&rsquo;avons jamais pass\u00e9 une fronti\u00e8re aussi vite. 4 min 35 s et encore [&hellip;]<\/p>\n","protected":false},"author":1,"featured_media":0,"comment_status":"open","ping_status":"open","sticky":false,"template":"","format":"standard","meta":{"footnotes":""},"categories":[27],"tags":[],"class_list":["post-413","post","type-post","status-publish","format-standard","hentry","category-aventures-2018"],"_links":{"self":[{"href":"https:\/\/lesghuidussenvadrouille.fr\/index.php\/wp-json\/wp\/v2\/posts\/413","targetHints":{"allow":["GET"]}}],"collection":[{"href":"https:\/\/lesghuidussenvadrouille.fr\/index.php\/wp-json\/wp\/v2\/posts"}],"about":[{"href":"https:\/\/lesghuidussenvadrouille.fr\/index.php\/wp-json\/wp\/v2\/types\/post"}],"author":[{"embeddable":true,"href":"https:\/\/lesghuidussenvadrouille.fr\/index.php\/wp-json\/wp\/v2\/users\/1"}],"replies":[{"embeddable":true,"href":"https:\/\/lesghuidussenvadrouille.fr\/index.php\/wp-json\/wp\/v2\/comments?post=413"}],"version-history":[{"count":29,"href":"https:\/\/lesghuidussenvadrouille.fr\/index.php\/wp-json\/wp\/v2\/posts\/413\/revisions"}],"predecessor-version":[{"id":3834,"href":"https:\/\/lesghuidussenvadrouille.fr\/index.php\/wp-json\/wp\/v2\/posts\/413\/revisions\/3834"}],"wp:attachment":[{"href":"https:\/\/lesghuidussenvadrouille.fr\/index.php\/wp-json\/wp\/v2\/media?parent=413"}],"wp:term":[{"taxonomy":"category","embeddable":true,"href":"https:\/\/lesghuidussenvadrouille.fr\/index.php\/wp-json\/wp\/v2\/categories?post=413"},{"taxonomy":"post_tag","embeddable":true,"href":"https:\/\/lesghuidussenvadrouille.fr\/index.php\/wp-json\/wp\/v2\/tags?post=413"}],"curies":[{"name":"wp","href":"https:\/\/api.w.org\/{rel}","templated":true}]}}